{"id":88570,"date":"2018-10-05T05:03:23","date_gmt":"2018-10-05T09:03:23","guid":{"rendered":"http:\/\/www.eltrabajo.cl\/2017\/?p=88570"},"modified":"2018-10-04T19:42:30","modified_gmt":"2018-10-04T23:42:30","slug":"condenado-a-5-anos-tras-robo-de-billetera-mordiendo-mano-de-la-victima","status":"publish","type":"post","link":"https:\/\/www.eltrabajo.cl\/2017\/condenado-a-5-anos-tras-robo-de-billetera-mordiendo-mano-de-la-victima\/","title":{"rendered":"Condenado a 5 a\u00f1os tras robo de billetera mordiendo mano de la v\u00edctima"},"content":{"rendered":"<figure id=\"attachment_88571\" aria-describedby=\"caption-attachment-88571\" style=\"width: 580px\" class=\"wp-caption alignnone\"><img data-recalc-dims=\"1\" loading=\"lazy\" decoding=\"async\" class=\"size-full wp-image-88571\" src=\"https:\/\/i0.wp.com\/www.eltrabajo.cl\/2017\/wp-content\/uploads\/2018\/10\/SAMUEL-CALET-MU%C3%91OZ-MU%C3%91OZ.jpg?resize=580%2C399\" alt=\"Samuel Caled Mu\u00f1oz Mu\u00f1oz fue condenado a cinco a\u00f1os de c\u00e1rcel por el delito de robo con violencia cometido en la comuna de Llay Llay.\" width=\"580\" height=\"399\" srcset=\"https:\/\/i0.wp.com\/www.eltrabajo.cl\/2017\/wp-content\/uploads\/2018\/10\/SAMUEL-CALET-MU%C3%91OZ-MU%C3%91OZ.jpg?w=580&amp;ssl=1 580w, https:\/\/i0.wp.com\/www.eltrabajo.cl\/2017\/wp-content\/uploads\/2018\/10\/SAMUEL-CALET-MU%C3%91OZ-MU%C3%91OZ.jpg?resize=300%2C206&amp;ssl=1 300w, https:\/\/i0.wp.com\/www.eltrabajo.cl\/2017\/wp-content\/uploads\/2018\/10\/SAMUEL-CALET-MU%C3%91OZ-MU%C3%91OZ.jpg?resize=150%2C103&amp;ssl=1 150w\" sizes=\"auto, (max-width: 580px) 100vw, 580px\" \/><figcaption id=\"caption-attachment-88571\" class=\"wp-caption-text\">Samuel Caled Mu\u00f1oz Mu\u00f1oz fue condenado a cinco a\u00f1os de c\u00e1rcel por el delito de robo con violencia cometido en la comuna de Llay Llay.<\/figcaption><\/figure>\n<p><span style=\"color: #ff0000;\"><strong>Pena efectiva, sin beneficios:<\/strong><\/span><\/p>\n<ul>\n<li><strong>Juicio oral se desarroll\u00f3 la semana pasada por hecho ocurrido el 17 de octubre de 2016 en la avenida Balmaceda de Llay Llay. <\/strong><\/li>\n<\/ul>\n<p>A cinco a\u00f1os de c\u00e1rcel efectiva fue la condena impuesta por el Tribunal en Lo Penal de San Felipe en contra de un sujeto identificado como Samuel Caled Mu\u00f1oz Mu\u00f1oz, tras ser declarado culpable del delito de robo con violencia cometido en la comuna de Llay Llay.<br \/>\nTras un juicio oral desarrollado la semana pasada, el Ministerio P\u00fablico representado por el Fiscal Rodrigo Zapata Cu\u00e9llar, acus\u00f3 que el d\u00eda 17 de octubre de 2016, aproximadamente a la 23:40 horas, el actual sentenciado intercept\u00f3 a un hombre que circulaba por avenida Balmaceda de Llay Llay para solicitarle dinero, sustray\u00e9ndole la billetera que manten\u00eda en sus manos, guard\u00e1ndola en sus vestimentas e inici\u00e1ndose un forcejeo entre ambos.<br \/>\nDurante el enfrentamiento, el asaltante mordi\u00f3 el dedo pulgar de la mano de la v\u00edctima, instantes en que Carabineros logr\u00f3 la detenci\u00f3n del delincuente, quien manten\u00eda en su poder la billetera con $18.000 de propiedad del afectado quien result\u00f3 lesionado en su extremidad superior.<br \/>\nLa terna de jueces del Tribunal Oral en Lo Penal de San Felipe declar\u00f3 al imputado culpable de este delito, sentenciando a la pena de cinco a\u00f1os y un d\u00eda de presidio mayor en su grado m\u00ednimo por el delito de robo con violencia.<br \/>\nEl oficio judicial obliga al sentenciado a cumplir la pena en forma efectiva, sin ser beneficiado con alguna pena sustitutiva de la Ley 18.216.<br \/>\n<strong>Pablo Salinas Sald\u00edas<\/strong><\/p>\n","protected":false},"excerpt":{"rendered":"<div class=\"mh-excerpt\"><p>Pena efectiva, sin beneficios: Juicio oral se desarroll\u00f3 la semana pasada por hecho ocurrido el 17 de octubre de 2016 en la avenida Balmaceda de <a class=\"mh-excerpt-more\" href=\"https:\/\/www.eltrabajo.cl\/2017\/condenado-a-5-anos-tras-robo-de-billetera-mordiendo-mano-de-la-victima\/\" title=\"Condenado a 5 a\u00f1os tras robo de billetera mordiendo mano de la v\u00edctima\">[&#8230;]<\/a><\/p>\n<\/div>","protected":false},"author":1,"featured_media":88571,"comment_status":"open","ping_status":"open","sticky":false,"template":"","format":"standard","meta":{"_jetpack_newsletter_access":"","_jetpack_dont_email_post_to_subs":false,"_jetpack_newsletter_tier_id":0,"_jetpack_memberships_contains_paywalled_content":false,"_jetpack_memberships_contains_paid_content":false,"footnotes":""},"categories":[2],"tags":[],"class_list":["post-88570","post","type-post","status-publish","format-standard","has-post-thumbnail","hentry","category-policial"],"nelio_content":{"autoShareEndMode":"never","automationSources":{"useCustomSentences":false,"customSentences":[]},"efiAlt":"","efiUrl":"","followers":[],"highlights":[],"isAutoShareEnabled":true,"networkImageIds":[],"permalinkQueryArgs":[],"series":[],"suggestedReferences":[]},"jetpack_featured_media_url":"https:\/\/i0.wp.com\/www.eltrabajo.cl\/2017\/wp-content\/uploads\/2018\/10\/SAMUEL-CALET-MU%C3%91OZ-MU%C3%91OZ.jpg?fit=580%2C399&ssl=1","jetpack_sharing_enabled":true,"_links":{"self":[{"href":"https:\/\/www.eltrabajo.cl\/2017\/wp-json\/wp\/v2\/posts\/88570","targetHints":{"allow":["GET"]}}],"collection":[{"href":"https:\/\/www.eltrabajo.cl\/2017\/wp-json\/wp\/v2\/posts"}],"about":[{"href":"https:\/\/www.eltrabajo.cl\/2017\/wp-json\/wp\/v2\/types\/post"}],"author":[{"embeddable":true,"href":"https:\/\/www.eltrabajo.cl\/2017\/wp-json\/wp\/v2\/users\/1"}],"replies":[{"embeddable":true,"href":"https:\/\/www.eltrabajo.cl\/2017\/wp-json\/wp\/v2\/comments?post=88570"}],"version-history":[{"count":1,"href":"https:\/\/www.eltrabajo.cl\/2017\/wp-json\/wp\/v2\/posts\/88570\/revisions"}],"predecessor-version":[{"id":88572,"href":"https:\/\/www.eltrabajo.cl\/2017\/wp-json\/wp\/v2\/posts\/88570\/revisions\/88572"}],"wp:featuredmedia":[{"embeddable":true,"href":"https:\/\/www.eltrabajo.cl\/2017\/wp-json\/wp\/v2\/media\/88571"}],"wp:attachment":[{"href":"https:\/\/www.eltrabajo.cl\/2017\/wp-json\/wp\/v2\/media?parent=88570"}],"wp:term":[{"taxonomy":"category","embeddable":true,"href":"https:\/\/www.eltrabajo.cl\/2017\/wp-json\/wp\/v2\/categories?post=88570"},{"taxonomy":"post_tag","embeddable":true,"href":"https:\/\/www.eltrabajo.cl\/2017\/wp-json\/wp\/v2\/tags?post=88570"}],"curies":[{"name":"wp","href":"https:\/\/api.w.org\/{rel}","templated":true}]}}