{"id":88581,"date":"2018-10-05T05:06:37","date_gmt":"2018-10-05T09:06:37","guid":{"rendered":"http:\/\/www.eltrabajo.cl\/2017\/?p=88581"},"modified":"2018-10-04T19:47:17","modified_gmt":"2018-10-04T23:47:17","slug":"cobarde-delincuente-le-fracturo-costilla-a-mujer-para-robarle-su-celular","status":"publish","type":"post","link":"https:\/\/www.eltrabajo.cl\/2017\/cobarde-delincuente-le-fracturo-costilla-a-mujer-para-robarle-su-celular\/","title":{"rendered":"\u00a1Cobarde! Delincuente le fractur\u00f3 costilla a mujer para robarle su celular"},"content":{"rendered":"<figure id=\"attachment_88583\" aria-describedby=\"caption-attachment-88583\" style=\"width: 580px\" class=\"wp-caption alignnone\"><img data-recalc-dims=\"1\" loading=\"lazy\" decoding=\"async\" class=\"size-full wp-image-88583\" src=\"https:\/\/i0.wp.com\/www.eltrabajo.cl\/2017\/wp-content\/uploads\/2018\/10\/pasaje.jpg?resize=580%2C399\" alt=\"Por este pasaje huy\u00f3 la v\u00edctima para buscar refugio con sus familiares, seg\u00fan testigos que la escucharon gritar.\" width=\"580\" height=\"399\" srcset=\"https:\/\/i0.wp.com\/www.eltrabajo.cl\/2017\/wp-content\/uploads\/2018\/10\/pasaje.jpg?w=580&amp;ssl=1 580w, https:\/\/i0.wp.com\/www.eltrabajo.cl\/2017\/wp-content\/uploads\/2018\/10\/pasaje.jpg?resize=300%2C206&amp;ssl=1 300w, https:\/\/i0.wp.com\/www.eltrabajo.cl\/2017\/wp-content\/uploads\/2018\/10\/pasaje.jpg?resize=150%2C103&amp;ssl=1 150w\" sizes=\"auto, (max-width: 580px) 100vw, 580px\" \/><figcaption id=\"caption-attachment-88583\" class=\"wp-caption-text\">Por este pasaje huy\u00f3 la v\u00edctima para buscar refugio con sus familiares, seg\u00fan testigos que la escucharon gritar.<\/figcaption><\/figure>\n<p><span style=\"color: #ff0000;\"><strong>Joven v\u00edctima de solo 19 a\u00f1os de edad:<\/strong><\/span><\/p>\n<ul>\n<li><strong>Antisocial se moviliza en bicicleta, es alto, moreno, pelo corto color negro.<\/strong><\/li>\n<\/ul>\n<p>Con una fractura en su costilla derecha result\u00f3 una joven de 19 a\u00f1os de edad que el lunes en la noche fue asaltada por un sujeto que se movilizaba en bicicleta.<br \/>\nEl Teniente de Carabineros C\u00e9sar Bustamante, dijo que este hecho ocurri\u00f3 el d\u00eda lunes alrededor de las 20:30 horas en la Avenida Enc\u00f3n: \u201cEn circunstancias que una dama de 19 a\u00f1os caminaba en direcci\u00f3n hacia su domicilio, hablando por celular, entonces se le acerc\u00f3 en forma repentina un sujeto que se trasladaba en bicicleta. Ella lo alcanza a ver que esta persona se estaba acercando, sin embargo con la rapidez que actu\u00f3 este sujeto, logra arrebatarle el celular desde sus manos y simult\u00e1neamente la comienza a agredir a la v\u00edctima mediante golpes de pies en la parte costal, lado derecho. La ni\u00f1a ante esto evita seguir en confrontaci\u00f3n con el sujeto, quien se aleja y ella llega hasta su domicilio para pedir ayuda\u201d, se\u00f1al\u00f3.<br \/>\nAnte esta situaci\u00f3n los familiares de la v\u00edctima la trasladan hasta el hospital de San Felipe, donde es atendida por personal m\u00e9dico.<br \/>\nLa joven mujer, seg\u00fan el oficial, result\u00f3 con una fractura de una de sus costillas del costado derecho, lo que fue catalogado de car\u00e1cter grave.<br \/>\nLa v\u00edctima se\u00f1ala en Carabineros que recuerda algunas caracter\u00edsticas de su agresor. Se tratar\u00eda de una persona alta, moreno, pelo corto color negro, vest\u00eda poler\u00f3n azul con capucha y jeans del mismo color, tambi\u00e9n portaba una mochila color morado y se movilizaba en una bicicleta.<br \/>\nTodos los antecedentes fueron puestos en conocimiento del Ministerio P\u00fablico que dirigir\u00e1 la investigaci\u00f3n con el fin de dar con el paradero del autor de este delito.<br \/>\nLa v\u00edctima ya fue dada de alta y se encuentra en reposo en su domicilio.<\/p>\n<figure id=\"attachment_88582\" aria-describedby=\"caption-attachment-88582\" style=\"width: 580px\" class=\"wp-caption alignnone\"><img data-recalc-dims=\"1\" loading=\"lazy\" decoding=\"async\" class=\"size-full wp-image-88582\" src=\"https:\/\/i0.wp.com\/www.eltrabajo.cl\/2017\/wp-content\/uploads\/2018\/10\/Avenida.jpg?resize=580%2C400\" alt=\"En este sector de la avenida se produjo el asalto\" width=\"580\" height=\"400\" srcset=\"https:\/\/i0.wp.com\/www.eltrabajo.cl\/2017\/wp-content\/uploads\/2018\/10\/Avenida.jpg?w=580&amp;ssl=1 580w, https:\/\/i0.wp.com\/www.eltrabajo.cl\/2017\/wp-content\/uploads\/2018\/10\/Avenida.jpg?resize=300%2C207&amp;ssl=1 300w, https:\/\/i0.wp.com\/www.eltrabajo.cl\/2017\/wp-content\/uploads\/2018\/10\/Avenida.jpg?resize=150%2C103&amp;ssl=1 150w\" sizes=\"auto, (max-width: 580px) 100vw, 580px\" \/><figcaption id=\"caption-attachment-88582\" class=\"wp-caption-text\">En este sector de la avenida se produjo el asalto<\/figcaption><\/figure>\n","protected":false},"excerpt":{"rendered":"<div class=\"mh-excerpt\"><p>Joven v\u00edctima de solo 19 a\u00f1os de edad: Antisocial se moviliza en bicicleta, es alto, moreno, pelo corto color negro. Con una fractura en su <a class=\"mh-excerpt-more\" href=\"https:\/\/www.eltrabajo.cl\/2017\/cobarde-delincuente-le-fracturo-costilla-a-mujer-para-robarle-su-celular\/\" title=\"\u00a1Cobarde! Delincuente le fractur\u00f3 costilla a mujer para robarle su celular\">[&#8230;]<\/a><\/p>\n<\/div>","protected":false},"author":1,"featured_media":88582,"comment_status":"open","ping_status":"open","sticky":false,"template":"","format":"standard","meta":{"_jetpack_newsletter_access":"","_jetpack_dont_email_post_to_subs":false,"_jetpack_newsletter_tier_id":0,"_jetpack_memberships_contains_paywalled_content":false,"_jetpack_memberships_contains_paid_content":false,"footnotes":""},"categories":[2],"tags":[],"class_list":["post-88581","post","type-post","status-publish","format-standard","has-post-thumbnail","hentry","category-policial"],"nelio_content":{"autoShareEndMode":"never","automationSources":{"useCustomSentences":false,"customSentences":[]},"efiAlt":"","efiUrl":"","followers":[],"highlights":[],"isAutoShareEnabled":true,"networkImageIds":[],"permalinkQueryArgs":[],"series":[],"suggestedReferences":[]},"jetpack_featured_media_url":"https:\/\/i0.wp.com\/www.eltrabajo.cl\/2017\/wp-content\/uploads\/2018\/10\/Avenida.jpg?fit=580%2C400&ssl=1","jetpack_sharing_enabled":true,"_links":{"self":[{"href":"https:\/\/www.eltrabajo.cl\/2017\/wp-json\/wp\/v2\/posts\/88581","targetHints":{"allow":["GET"]}}],"collection":[{"href":"https:\/\/www.eltrabajo.cl\/2017\/wp-json\/wp\/v2\/posts"}],"about":[{"href":"https:\/\/www.eltrabajo.cl\/2017\/wp-json\/wp\/v2\/types\/post"}],"author":[{"embeddable":true,"href":"https:\/\/www.eltrabajo.cl\/2017\/wp-json\/wp\/v2\/users\/1"}],"replies":[{"embeddable":true,"href":"https:\/\/www.eltrabajo.cl\/2017\/wp-json\/wp\/v2\/comments?post=88581"}],"version-history":[{"count":1,"href":"https:\/\/www.eltrabajo.cl\/2017\/wp-json\/wp\/v2\/posts\/88581\/revisions"}],"predecessor-version":[{"id":88584,"href":"https:\/\/www.eltrabajo.cl\/2017\/wp-json\/wp\/v2\/posts\/88581\/revisions\/88584"}],"wp:featuredmedia":[{"embeddable":true,"href":"https:\/\/www.eltrabajo.cl\/2017\/wp-json\/wp\/v2\/media\/88582"}],"wp:attachment":[{"href":"https:\/\/www.eltrabajo.cl\/2017\/wp-json\/wp\/v2\/media?parent=88581"}],"wp:term":[{"taxonomy":"category","embeddable":true,"href":"https:\/\/www.eltrabajo.cl\/2017\/wp-json\/wp\/v2\/categories?post=88581"},{"taxonomy":"post_tag","embeddable":true,"href":"https:\/\/www.eltrabajo.cl\/2017\/wp-json\/wp\/v2\/tags?post=88581"}],"curies":[{"name":"wp","href":"https:\/\/api.w.org\/{rel}","templated":true}]}}