{"id":88586,"date":"2018-10-08T05:00:46","date_gmt":"2018-10-08T09:00:46","guid":{"rendered":"http:\/\/www.eltrabajo.cl\/2017\/?p=88586"},"modified":"2018-10-07T19:38:23","modified_gmt":"2018-10-07T23:38:23","slug":"militantes-de-partidos-politicos-celebraron-un-nuevo-aniversario-del-triunfo-del-no","status":"publish","type":"post","link":"https:\/\/www.eltrabajo.cl\/2017\/militantes-de-partidos-politicos-celebraron-un-nuevo-aniversario-del-triunfo-del-no\/","title":{"rendered":"Militantes de partidos pol\u00edticos celebraron un nuevo aniversario del triunfo del No"},"content":{"rendered":"<figure id=\"attachment_88588\" aria-describedby=\"caption-attachment-88588\" style=\"width: 579px\" class=\"wp-caption alignnone\"><img data-recalc-dims=\"1\" loading=\"lazy\" decoding=\"async\" class=\"size-full wp-image-88588\" src=\"https:\/\/i0.wp.com\/www.eltrabajo.cl\/2017\/wp-content\/uploads\/2018\/10\/PC.jpg?resize=579%2C350\" alt=\"Representantes del PC de la provincia tambi\u00e9n dijeron presentes en esta celebraci\u00f3n.\" width=\"579\" height=\"350\" srcset=\"https:\/\/i0.wp.com\/www.eltrabajo.cl\/2017\/wp-content\/uploads\/2018\/10\/PC.jpg?w=579&amp;ssl=1 579w, https:\/\/i0.wp.com\/www.eltrabajo.cl\/2017\/wp-content\/uploads\/2018\/10\/PC.jpg?resize=300%2C181&amp;ssl=1 300w, https:\/\/i0.wp.com\/www.eltrabajo.cl\/2017\/wp-content\/uploads\/2018\/10\/PC.jpg?resize=150%2C91&amp;ssl=1 150w\" sizes=\"auto, (max-width: 579px) 100vw, 579px\" \/><figcaption id=\"caption-attachment-88588\" class=\"wp-caption-text\">Representantes del PC de la provincia tambi\u00e9n dijeron presentes en esta celebraci\u00f3n.<\/figcaption><\/figure>\n<p>Como lo hab\u00edan dicho p\u00fablicamente este viernes a contar de las 19:00 horas en la sede del Partido Radical, ubicada en Calle San Mart\u00edn entre Salinas y Traslavi\u00f1a, se llev\u00f3 a efecto la celebraci\u00f3n de los treinta a\u00f1os del triunfo del No. En la ocasi\u00f3n hubo militantes de los partidos PR, PS, PC, PPD y ciudadanos independientes, quienes concurrieron a celebrar y recodar esa gesta heroica como fue volver a la democracia a Chile luego de 17 a\u00f1os de dictadura.<br \/>\nEl ex-concejal y activo dirigente comunista Ricardo \u2018Kaco\u2019 Covarrubias dijo que \u201cefectivamente los partidos socialistas, radica, partidos por la democracia convocaron a una celebraci\u00f3n conmemoraci\u00f3n de lo que fue el triunfo del 5 de octubre de 1988, que abri\u00f3 la democracia a nuestro pa\u00eds y desde luego que todas estas actividades se desarrollaron en el marco de la convocatoria nacional, donde realmente hubo una importante asistencia de compa\u00f1eros pertenecientes a los distintos partidos pol\u00edticos, tambi\u00e9n dirigentes sociales y sindicales, a su vez participaron personas independientes como ciudadanos donde realmente qued\u00f3 enaltecida el compromiso por seguir trabajando en profundizar la democracia desde la base, realmente ha sido una actividad bastante relevante la cual merece el reconocimiento puro de todo lo que signific\u00f3 este trabajo durante el a\u00f1o 1988 cuando miles de chilenos trabajaron para recuperar la democracia que tanto chile necesita profundizar\u201d.<\/p>\n<figure id=\"attachment_88587\" aria-describedby=\"caption-attachment-88587\" style=\"width: 579px\" class=\"wp-caption alignnone\"><img data-recalc-dims=\"1\" loading=\"lazy\" decoding=\"async\" class=\"size-full wp-image-88587\" src=\"https:\/\/i0.wp.com\/www.eltrabajo.cl\/2017\/wp-content\/uploads\/2018\/10\/NO.jpg?resize=579%2C326\" alt=\"Representantes de distintos partidos pol\u00edticos presentes en la celebraci\u00f3n del No.\" width=\"579\" height=\"326\" srcset=\"https:\/\/i0.wp.com\/www.eltrabajo.cl\/2017\/wp-content\/uploads\/2018\/10\/NO.jpg?w=579&amp;ssl=1 579w, https:\/\/i0.wp.com\/www.eltrabajo.cl\/2017\/wp-content\/uploads\/2018\/10\/NO.jpg?resize=300%2C169&amp;ssl=1 300w, https:\/\/i0.wp.com\/www.eltrabajo.cl\/2017\/wp-content\/uploads\/2018\/10\/NO.jpg?resize=150%2C84&amp;ssl=1 150w\" sizes=\"auto, (max-width: 579px) 100vw, 579px\" \/><figcaption id=\"caption-attachment-88587\" class=\"wp-caption-text\">Representantes de distintos partidos pol\u00edticos presentes en la celebraci\u00f3n del No.<\/figcaption><\/figure>\n","protected":false},"excerpt":{"rendered":"<div class=\"mh-excerpt\"><p>Como lo hab\u00edan dicho p\u00fablicamente este viernes a contar de las 19:00 horas en la sede del Partido Radical, ubicada en Calle San Mart\u00edn entre <a class=\"mh-excerpt-more\" href=\"https:\/\/www.eltrabajo.cl\/2017\/militantes-de-partidos-politicos-celebraron-un-nuevo-aniversario-del-triunfo-del-no\/\" title=\"Militantes de partidos pol\u00edticos celebraron un nuevo aniversario del triunfo del No\">[&#8230;]<\/a><\/p>\n<\/div>","protected":false},"author":1,"featured_media":88587,"comment_status":"open","ping_status":"open","sticky":false,"template":"","format":"standard","meta":{"_jetpack_newsletter_access":"","_jetpack_dont_email_post_to_subs":false,"_jetpack_newsletter_tier_id":0,"_jetpack_memberships_contains_paywalled_content":false,"_jetpack_memberships_contains_paid_content":false,"footnotes":""},"categories":[71],"tags":[],"class_list":["post-88586","post","type-post","status-publish","format-standard","has-post-thumbnail","hentry","category-politica"],"nelio_content":{"autoShareEndMode":"never","automationSources":{"useCustomSentences":false,"customSentences":[]},"efiAlt":"","efiUrl":"","followers":[],"highlights":[],"isAutoShareEnabled":true,"networkImageIds":[],"permalinkQueryArgs":[],"series":[],"suggestedReferences":[]},"jetpack_featured_media_url":"https:\/\/i0.wp.com\/www.eltrabajo.cl\/2017\/wp-content\/uploads\/2018\/10\/NO.jpg?fit=579%2C326&ssl=1","jetpack_sharing_enabled":true,"_links":{"self":[{"href":"https:\/\/www.eltrabajo.cl\/2017\/wp-json\/wp\/v2\/posts\/88586","targetHints":{"allow":["GET"]}}],"collection":[{"href":"https:\/\/www.eltrabajo.cl\/2017\/wp-json\/wp\/v2\/posts"}],"about":[{"href":"https:\/\/www.eltrabajo.cl\/2017\/wp-json\/wp\/v2\/types\/post"}],"author":[{"embeddable":true,"href":"https:\/\/www.eltrabajo.cl\/2017\/wp-json\/wp\/v2\/users\/1"}],"replies":[{"embeddable":true,"href":"https:\/\/www.eltrabajo.cl\/2017\/wp-json\/wp\/v2\/comments?post=88586"}],"version-history":[{"count":1,"href":"https:\/\/www.eltrabajo.cl\/2017\/wp-json\/wp\/v2\/posts\/88586\/revisions"}],"predecessor-version":[{"id":88589,"href":"https:\/\/www.eltrabajo.cl\/2017\/wp-json\/wp\/v2\/posts\/88586\/revisions\/88589"}],"wp:featuredmedia":[{"embeddable":true,"href":"https:\/\/www.eltrabajo.cl\/2017\/wp-json\/wp\/v2\/media\/88587"}],"wp:attachment":[{"href":"https:\/\/www.eltrabajo.cl\/2017\/wp-json\/wp\/v2\/media?parent=88586"}],"wp:term":[{"taxonomy":"category","embeddable":true,"href":"https:\/\/www.eltrabajo.cl\/2017\/wp-json\/wp\/v2\/categories?post=88586"},{"taxonomy":"post_tag","embeddable":true,"href":"https:\/\/www.eltrabajo.cl\/2017\/wp-json\/wp\/v2\/tags?post=88586"}],"curies":[{"name":"wp","href":"https:\/\/api.w.org\/{rel}","templated":true}]}}