{"id":88756,"date":"2018-10-18T07:31:40","date_gmt":"2018-10-18T11:31:40","guid":{"rendered":"http:\/\/www.eltrabajo.cl\/2017\/?p=88756"},"modified":"2018-10-18T07:31:40","modified_gmt":"2018-10-18T11:31:40","slug":"mujer-persiguio-y-forcejeo-con-delincuente-que-le-robo-televisor-led","status":"publish","type":"post","link":"https:\/\/www.eltrabajo.cl\/2017\/mujer-persiguio-y-forcejeo-con-delincuente-que-le-robo-televisor-led\/","title":{"rendered":"Mujer persigui\u00f3 y forceje\u00f3 con delincuente que le rob\u00f3 televisor Led"},"content":{"rendered":"<figure id=\"attachment_88757\" aria-describedby=\"caption-attachment-88757\" style=\"width: 578px\" class=\"wp-caption alignnone\"><img data-recalc-dims=\"1\" loading=\"lazy\" decoding=\"async\" class=\"size-full wp-image-88757\" src=\"https:\/\/i0.wp.com\/www.eltrabajo.cl\/2017\/wp-content\/uploads\/2018\/10\/detenido-CARABINEROS.jpg?resize=578%2C391\" alt=\"El imputado fue detenido por Carabineros en calle Enc\u00f3n de San Felipe tras la sustracci\u00f3n de un televisor Led. (Foto Archivo).\" width=\"578\" height=\"391\" srcset=\"https:\/\/i0.wp.com\/www.eltrabajo.cl\/2017\/wp-content\/uploads\/2018\/10\/detenido-CARABINEROS.jpg?w=578&amp;ssl=1 578w, https:\/\/i0.wp.com\/www.eltrabajo.cl\/2017\/wp-content\/uploads\/2018\/10\/detenido-CARABINEROS.jpg?resize=300%2C203&amp;ssl=1 300w, https:\/\/i0.wp.com\/www.eltrabajo.cl\/2017\/wp-content\/uploads\/2018\/10\/detenido-CARABINEROS.jpg?resize=150%2C101&amp;ssl=1 150w\" sizes=\"auto, (max-width: 578px) 100vw, 578px\" \/><figcaption id=\"caption-attachment-88757\" class=\"wp-caption-text\">El imputado fue detenido por Carabineros en calle Enc\u00f3n de San Felipe tras la sustracci\u00f3n de un televisor Led. (Foto Archivo).<\/figcaption><\/figure>\n<p><span style=\"color: #ff0000;\"><strong>V\u00edctima logr\u00f3 que fuera detenido por Carabineros:<\/strong><\/span><\/p>\n<ul>\n<li><strong>Pese a que la Fiscal\u00eda calific\u00f3 el hecho como hurto simple, el sujeto con amplio prontuario delictual qued\u00f3 privado de libertad mientras se investiga el delito imputado.<\/strong><\/li>\n<\/ul>\n<p>En prisi\u00f3n preventiva qued\u00f3 por orden del Tribunal de Garant\u00eda de San Felipe, un antisocial luego de ser detenido por Carabineros, acusado de la sustracci\u00f3n de un televisor Led de 55 pulgadas desde un inmueble de los Departamentos Enc\u00f3n de esta comuna.<br \/>\nEl hecho fue advertido por la v\u00edctima, quien se percat\u00f3 que en el living de su casa no se encontraba su televisor, observando desde el segundo piso hacia el exterior que un sujeto portaba entre sus manos la especie avaluada en $250.000.<br \/>\nLa afectada de inmediato inici\u00f3 una persecuci\u00f3n para dar con el antisocial hasta darle alcance en calle Enc\u00f3n, produci\u00e9ndose un forcejeo entre ambos con el fin de recuperar el televisor.<br \/>\nSeg\u00fan se pudo conocer, la v\u00edctima requiri\u00f3 auxilio v\u00eda telef\u00f3nica a Carabineros, quienes al trasladarse al sitio del suceso lograron capturar al antisocial, quien aparentemente habr\u00eda introducido su mano por una ventana y de esta forma abrir la puerta del departamento, permiti\u00e9ndole concretar el robo de la especie, la que finalmente fue regresada a su propietaria.<br \/>\nEl detenido identificado como Gabriel Jes\u00fas Tobar Rojas, fue trasladado hasta el Tribunal de Garant\u00eda, siendo formalizado por la Fiscal\u00eda por el delito de hurto simple.<br \/>\nDurante la audiencia de control de detenci\u00f3n, el Ministerio P\u00fablico hizo hincapi\u00e9 que el imputado mantiene un nutrido prontuario delictivo, requiri\u00e9ndose la cautelar de prisi\u00f3n preventiva, la que fue concedida por este tribunal, ordenando el ingreso del acusado hasta la c\u00e1rcel mientras la Fiscal\u00eda investiga el caso.<br \/>\n<strong>Pablo Salinas Sald\u00edas<\/strong><\/p>\n","protected":false},"excerpt":{"rendered":"<div class=\"mh-excerpt\"><p>V\u00edctima logr\u00f3 que fuera detenido por Carabineros: Pese a que la Fiscal\u00eda calific\u00f3 el hecho como hurto simple, el sujeto con amplio prontuario delictual qued\u00f3 <a class=\"mh-excerpt-more\" href=\"https:\/\/www.eltrabajo.cl\/2017\/mujer-persiguio-y-forcejeo-con-delincuente-que-le-robo-televisor-led\/\" title=\"Mujer persigui\u00f3 y forceje\u00f3 con delincuente que le rob\u00f3 televisor Led\">[&#8230;]<\/a><\/p>\n<\/div>","protected":false},"author":1,"featured_media":88757,"comment_status":"open","ping_status":"open","sticky":false,"template":"","format":"standard","meta":{"_jetpack_newsletter_access":"","_jetpack_dont_email_post_to_subs":false,"_jetpack_newsletter_tier_id":0,"_jetpack_memberships_contains_paywalled_content":false,"_jetpack_memberships_contains_paid_content":false,"footnotes":""},"categories":[2],"tags":[],"class_list":["post-88756","post","type-post","status-publish","format-standard","has-post-thumbnail","hentry","category-policial"],"nelio_content":{"autoShareEndMode":"never","automationSources":{"useCustomSentences":false,"customSentences":[]},"efiAlt":"","efiUrl":"","followers":[],"highlights":[],"isAutoShareEnabled":true,"networkImageIds":[],"permalinkQueryArgs":[],"series":[],"suggestedReferences":[]},"jetpack_featured_media_url":"https:\/\/i0.wp.com\/www.eltrabajo.cl\/2017\/wp-content\/uploads\/2018\/10\/detenido-CARABINEROS.jpg?fit=578%2C391&ssl=1","jetpack_sharing_enabled":true,"_links":{"self":[{"href":"https:\/\/www.eltrabajo.cl\/2017\/wp-json\/wp\/v2\/posts\/88756","targetHints":{"allow":["GET"]}}],"collection":[{"href":"https:\/\/www.eltrabajo.cl\/2017\/wp-json\/wp\/v2\/posts"}],"about":[{"href":"https:\/\/www.eltrabajo.cl\/2017\/wp-json\/wp\/v2\/types\/post"}],"author":[{"embeddable":true,"href":"https:\/\/www.eltrabajo.cl\/2017\/wp-json\/wp\/v2\/users\/1"}],"replies":[{"embeddable":true,"href":"https:\/\/www.eltrabajo.cl\/2017\/wp-json\/wp\/v2\/comments?post=88756"}],"version-history":[{"count":1,"href":"https:\/\/www.eltrabajo.cl\/2017\/wp-json\/wp\/v2\/posts\/88756\/revisions"}],"predecessor-version":[{"id":88758,"href":"https:\/\/www.eltrabajo.cl\/2017\/wp-json\/wp\/v2\/posts\/88756\/revisions\/88758"}],"wp:featuredmedia":[{"embeddable":true,"href":"https:\/\/www.eltrabajo.cl\/2017\/wp-json\/wp\/v2\/media\/88757"}],"wp:attachment":[{"href":"https:\/\/www.eltrabajo.cl\/2017\/wp-json\/wp\/v2\/media?parent=88756"}],"wp:term":[{"taxonomy":"category","embeddable":true,"href":"https:\/\/www.eltrabajo.cl\/2017\/wp-json\/wp\/v2\/categories?post=88756"},{"taxonomy":"post_tag","embeddable":true,"href":"https:\/\/www.eltrabajo.cl\/2017\/wp-json\/wp\/v2\/tags?post=88756"}],"curies":[{"name":"wp","href":"https:\/\/api.w.org\/{rel}","templated":true}]}}