{"id":88829,"date":"2018-10-24T05:05:56","date_gmt":"2018-10-24T09:05:56","guid":{"rendered":"http:\/\/www.eltrabajo.cl\/2017\/?p=88829"},"modified":"2018-10-23T20:12:11","modified_gmt":"2018-10-24T00:12:11","slug":"profesora-detenida-tras-denuncia-de-presuntas-agresiones-a-tres-alumnas","status":"publish","type":"post","link":"https:\/\/www.eltrabajo.cl\/2017\/profesora-detenida-tras-denuncia-de-presuntas-agresiones-a-tres-alumnas\/","title":{"rendered":"Profesora detenida tras denuncia de presuntas agresiones a tres alumnas"},"content":{"rendered":"<figure id=\"attachment_88830\" aria-describedby=\"caption-attachment-88830\" style=\"width: 580px\" class=\"wp-caption alignnone\"><img data-recalc-dims=\"1\" loading=\"lazy\" decoding=\"async\" class=\"size-full wp-image-88830\" src=\"https:\/\/i0.wp.com\/www.eltrabajo.cl\/2017\/wp-content\/uploads\/2018\/10\/ESTUDIANTES-REFERENCIAL.jpg?resize=580%2C360\" alt=\"Las estudiantes denunciaron haber sido agredidas por la profesional, quien fue detenida por Carabineros de Putaendo. (Foto Referencial).\" width=\"580\" height=\"360\" srcset=\"https:\/\/i0.wp.com\/www.eltrabajo.cl\/2017\/wp-content\/uploads\/2018\/10\/ESTUDIANTES-REFERENCIAL.jpg?w=580&amp;ssl=1 580w, https:\/\/i0.wp.com\/www.eltrabajo.cl\/2017\/wp-content\/uploads\/2018\/10\/ESTUDIANTES-REFERENCIAL.jpg?resize=300%2C186&amp;ssl=1 300w, https:\/\/i0.wp.com\/www.eltrabajo.cl\/2017\/wp-content\/uploads\/2018\/10\/ESTUDIANTES-REFERENCIAL.jpg?resize=150%2C93&amp;ssl=1 150w\" sizes=\"auto, (max-width: 580px) 100vw, 580px\" \/><figcaption id=\"caption-attachment-88830\" class=\"wp-caption-text\">Las estudiantes denunciaron haber sido agredidas por la profesional, quien fue detenida por Carabineros de Putaendo. (Foto Referencial).<\/figcaption><\/figure>\n<p><span style=\"color: #ff0000;\"><strong>En renombrado Liceo Rinconada de Silva en Putaendo:<\/strong><\/span><\/p>\n<ul>\n<li><strong>Las escolares de 13 y 14 a\u00f1os de edad, denunciaron el hecho a Carabineros quienes concurrieron hasta el establecimiento, procediendo a la detenci\u00f3n de la profesional mientras se traslad\u00f3 a las estudiantes hasta un centro hospitalario. <\/strong><\/li>\n<\/ul>\n<p>Por el delito de presuntas agresiones hacia tres alumnas de octavo a\u00f1o b\u00e1sico fue detenida una profesora que efectuaba una clase pr\u00e1ctica en el patio del recientemente renombrado Liceo Rinconada de Silva en Putaendo, en medio de un confuso incidente.<br \/>\nSeg\u00fan precis\u00f3 a Diario El Trabajo el Teniente de Carabineros Marcelo Gonz\u00e1lez, la detenci\u00f3n de la profesional se debi\u00f3 a que durante una clase realizada dentro del establecimiento, seg\u00fan las versiones de las tres escolares, habr\u00edan estado jugando con una pelota, lo que habr\u00eda molestado a la profesora quien les habr\u00eda llamado la atenci\u00f3n.<br \/>\nEl relato contin\u00faa detallando que \u201cposteriormente se inicia una discusi\u00f3n entre alumnas y profesora y de acuerdo a la versi\u00f3n de las alumnas, habr\u00edan sido agredidas por la profesora y luego llamaron a Carabineros. Al concurrir al lugar y ante la denuncia de las ni\u00f1as, dos de 14 a\u00f1os de edad y una de 13 a\u00f1os de edad, todas de octavo b\u00e1sico, se procedi\u00f3 a la detenci\u00f3n de la profesora\u201d, inform\u00f3 el oficial policial.<br \/>\nLas diligencias continuaron con el traslado de las escolares hasta un centro hospitalario para la constataci\u00f3n de lesiones, resultando dos de ellas con lesiones leves y la tercera denunciante sin lesiones, seg\u00fan indic\u00f3 el m\u00e9dico de turno.<br \/>\nNo obstante la imputada se refiri\u00f3 frente a las acusaciones, argumentando a los funcionarios policiales de que todo se habr\u00eda tratado de un accidente y que no habr\u00eda tenido las intenciones de agredir a las alumnas: \u201cLas habr\u00eda tomado del brazo porque estar\u00edan alteradas y eso habr\u00eda sido lo que le provoc\u00f3 las lesiones\u201d, concluy\u00f3 Gonz\u00e1lez.<br \/>\nPosteriormente Carabineros inform\u00f3 del hecho al Fiscal de turno quien instruy\u00f3 que la detenida de iniciales L.E.M.O., de 49 a\u00f1os de edad, fuese dejada en libertad, quedando a la espera de citaci\u00f3n a comparecer ante el Ministerio P\u00fablico para la investigaci\u00f3n del caso.<br \/>\n<strong>Pablo Salinas Sald\u00edas<\/strong><\/p>\n<p>&nbsp;<\/p>\n","protected":false},"excerpt":{"rendered":"<div class=\"mh-excerpt\"><p>En renombrado Liceo Rinconada de Silva en Putaendo: Las escolares de 13 y 14 a\u00f1os de edad, denunciaron el hecho a Carabineros quienes concurrieron hasta <a class=\"mh-excerpt-more\" href=\"https:\/\/www.eltrabajo.cl\/2017\/profesora-detenida-tras-denuncia-de-presuntas-agresiones-a-tres-alumnas\/\" title=\"Profesora detenida tras denuncia de presuntas agresiones a tres alumnas\">[&#8230;]<\/a><\/p>\n<\/div>","protected":false},"author":1,"featured_media":88830,"comment_status":"open","ping_status":"open","sticky":false,"template":"","format":"standard","meta":{"_jetpack_newsletter_access":"","_jetpack_dont_email_post_to_subs":false,"_jetpack_newsletter_tier_id":0,"_jetpack_memberships_contains_paywalled_content":false,"_jetpack_memberships_contains_paid_content":false,"footnotes":""},"categories":[2],"tags":[],"class_list":["post-88829","post","type-post","status-publish","format-standard","has-post-thumbnail","hentry","category-policial"],"nelio_content":{"autoShareEndMode":"never","automationSources":{"useCustomSentences":false,"customSentences":[]},"efiAlt":"","efiUrl":"","followers":[],"highlights":[],"isAutoShareEnabled":true,"networkImageIds":[],"permalinkQueryArgs":[],"series":[],"suggestedReferences":[]},"jetpack_featured_media_url":"https:\/\/i0.wp.com\/www.eltrabajo.cl\/2017\/wp-content\/uploads\/2018\/10\/ESTUDIANTES-REFERENCIAL.jpg?fit=580%2C360&ssl=1","jetpack_sharing_enabled":true,"_links":{"self":[{"href":"https:\/\/www.eltrabajo.cl\/2017\/wp-json\/wp\/v2\/posts\/88829","targetHints":{"allow":["GET"]}}],"collection":[{"href":"https:\/\/www.eltrabajo.cl\/2017\/wp-json\/wp\/v2\/posts"}],"about":[{"href":"https:\/\/www.eltrabajo.cl\/2017\/wp-json\/wp\/v2\/types\/post"}],"author":[{"embeddable":true,"href":"https:\/\/www.eltrabajo.cl\/2017\/wp-json\/wp\/v2\/users\/1"}],"replies":[{"embeddable":true,"href":"https:\/\/www.eltrabajo.cl\/2017\/wp-json\/wp\/v2\/comments?post=88829"}],"version-history":[{"count":1,"href":"https:\/\/www.eltrabajo.cl\/2017\/wp-json\/wp\/v2\/posts\/88829\/revisions"}],"predecessor-version":[{"id":88831,"href":"https:\/\/www.eltrabajo.cl\/2017\/wp-json\/wp\/v2\/posts\/88829\/revisions\/88831"}],"wp:featuredmedia":[{"embeddable":true,"href":"https:\/\/www.eltrabajo.cl\/2017\/wp-json\/wp\/v2\/media\/88830"}],"wp:attachment":[{"href":"https:\/\/www.eltrabajo.cl\/2017\/wp-json\/wp\/v2\/media?parent=88829"}],"wp:term":[{"taxonomy":"category","embeddable":true,"href":"https:\/\/www.eltrabajo.cl\/2017\/wp-json\/wp\/v2\/categories?post=88829"},{"taxonomy":"post_tag","embeddable":true,"href":"https:\/\/www.eltrabajo.cl\/2017\/wp-json\/wp\/v2\/tags?post=88829"}],"curies":[{"name":"wp","href":"https:\/\/api.w.org\/{rel}","templated":true}]}}