{"id":88832,"date":"2018-10-25T05:00:13","date_gmt":"2018-10-25T09:00:13","guid":{"rendered":"http:\/\/www.eltrabajo.cl\/2017\/?p=88832"},"modified":"2018-10-24T19:58:15","modified_gmt":"2018-10-24T23:58:15","slug":"hasta-10-anos-podrian-sentenciar-a-sujeto-que-mato-a-interno-de-la-carcel","status":"publish","type":"post","link":"https:\/\/www.eltrabajo.cl\/2017\/hasta-10-anos-podrian-sentenciar-a-sujeto-que-mato-a-interno-de-la-carcel\/","title":{"rendered":"Hasta 10 a\u00f1os podr\u00edan sentenciar a sujeto que mat\u00f3 a interno de la c\u00e1rcel"},"content":{"rendered":"<figure id=\"attachment_88834\" aria-describedby=\"caption-attachment-88834\" style=\"width: 580px\" class=\"wp-caption alignnone\"><img data-recalc-dims=\"1\" loading=\"lazy\" decoding=\"async\" class=\"size-full wp-image-88834\" src=\"https:\/\/i0.wp.com\/www.eltrabajo.cl\/2017\/wp-content\/uploads\/2018\/10\/Reo-gabriel-mondaca-barros-.jpg?resize=580%2C359\" alt=\"Gabriel Mondaca Barros, de 25 a\u00f1os de edad, en cuesti\u00f3n de segundos agreg\u00f3 a\u00f1os a su condena al dar muerte con un arma blanca a Dur\u00e1n Varas.\" width=\"580\" height=\"359\" srcset=\"https:\/\/i0.wp.com\/www.eltrabajo.cl\/2017\/wp-content\/uploads\/2018\/10\/Reo-gabriel-mondaca-barros-.jpg?w=580&amp;ssl=1 580w, https:\/\/i0.wp.com\/www.eltrabajo.cl\/2017\/wp-content\/uploads\/2018\/10\/Reo-gabriel-mondaca-barros-.jpg?resize=300%2C186&amp;ssl=1 300w, https:\/\/i0.wp.com\/www.eltrabajo.cl\/2017\/wp-content\/uploads\/2018\/10\/Reo-gabriel-mondaca-barros-.jpg?resize=150%2C93&amp;ssl=1 150w\" sizes=\"auto, (max-width: 580px) 100vw, 580px\" \/><figcaption id=\"caption-attachment-88834\" class=\"wp-caption-text\">Gabriel Mondaca Barros, de 25 a\u00f1os de edad, en cuesti\u00f3n de segundos agreg\u00f3 a\u00f1os a su condena al dar muerte con un arma blanca a Dur\u00e1n Varas.<\/figcaption><\/figure>\n<p><span style=\"color: #ff0000;\"><strong>Condenado por el Tribunal Oral por homicidio:<\/strong><\/span><\/p>\n<ul>\n<li><strong>V\u00edctima y victimario se encontraban en el patio de condenados, enfrasc\u00e1ndose ambos en una violenta ri\u00f1a resolviendo sus diferencias utilizando sables artesanales el pasado 15 de diciembre de 2017.<\/strong><\/li>\n<\/ul>\n<p>Por unanimidad los jueces del Tribunal Oral en Lo Penal de San Felipe resolvieron considerar culpable a Gabriel Adolfo Mondaca Barra por el delito de homicidio de un interno de la c\u00e1rcel de San Felipe, identificado como Iv\u00e1n Enrique Dur\u00e1n Varas, quien falleci\u00f3 producto de diversas heridas producidas con un sable artesanal en medio de un violento enfrentamiento que se registr\u00f3 al interior del recinto penal.<br \/>\nPor medio de im\u00e1genes obtenidas de las c\u00e1maras de seguridad del Centro de Cumplimiento Penitenciario de San Felipe, la Fiscal\u00eda acus\u00f3 los hechos ocurridos el pasado 15 de diciembre del 2017, alrededor de las 14:00 horas, instantes en que la v\u00edctima se encontraba en el patio de condenados iniciando una discusi\u00f3n con Mondaca Barra.<br \/>\nA los pocos segundos los protagonistas de este caso se habr\u00edan enfrentado utilizando sables artesanales para resolver sus diferencias. De acuerdo a las investigaciones de este crimen, Mondaca al utilizar esta arma blanca, habr\u00eda atacado a la v\u00edctima provoc\u00e1ndole diversas heridas en sus extremidades, t\u00f3rax y cuello. Esta \u00faltima lesi\u00f3n fue de car\u00e1cter mortal, por la cual falleci\u00f3 a los pocos minutos, pese a haber recibido atenci\u00f3n de urgencia.<br \/>\nEl Fiscal Eduardo Fajardo De La Cuba acus\u00f3 en medio de un juicio efectuado este lunes por este crimen, presentando testimonios de testigos de los hechos, funcionarios de Gendarmer\u00eda y Perito Forense para establecer la culpabilidad del acusado.<br \/>\nEn este sentido la terna de jueces, al t\u00e9rmino del juicio oral, declar\u00f3 al imputado culpable del delito de homicidio, pudiendo ser condenado hasta diez a\u00f1os de c\u00e1rcel a petici\u00f3n de la Fiscal\u00eda.<br \/>\nLa lectura de la sentencia fue agendada para este s\u00e1bado por el Tribunal Oral en Lo Penal de San Felipe.<br \/>\n<strong>Pablo Salinas Sald\u00edas<\/strong><\/p>\n<figure id=\"attachment_88833\" aria-describedby=\"caption-attachment-88833\" style=\"width: 580px\" class=\"wp-caption alignnone\"><img data-recalc-dims=\"1\" loading=\"lazy\" decoding=\"async\" class=\"size-full wp-image-88833\" src=\"https:\/\/i0.wp.com\/www.eltrabajo.cl\/2017\/wp-content\/uploads\/2018\/10\/Reo-duran-varas.jpg?resize=580%2C360\" alt=\"El cuerpo de Dur\u00e1n Varas, de 33 a\u00f1os de edad, quien cumpl\u00eda condena de 14 a\u00f1os por el delito de Robo con intimidaci\u00f3n, yace sobre el piso cubierto por una tela oscura.\" width=\"580\" height=\"360\" srcset=\"https:\/\/i0.wp.com\/www.eltrabajo.cl\/2017\/wp-content\/uploads\/2018\/10\/Reo-duran-varas.jpg?w=580&amp;ssl=1 580w, https:\/\/i0.wp.com\/www.eltrabajo.cl\/2017\/wp-content\/uploads\/2018\/10\/Reo-duran-varas.jpg?resize=300%2C186&amp;ssl=1 300w, https:\/\/i0.wp.com\/www.eltrabajo.cl\/2017\/wp-content\/uploads\/2018\/10\/Reo-duran-varas.jpg?resize=150%2C93&amp;ssl=1 150w\" sizes=\"auto, (max-width: 580px) 100vw, 580px\" \/><figcaption id=\"caption-attachment-88833\" class=\"wp-caption-text\">El cuerpo de Dur\u00e1n Varas, de 33 a\u00f1os de edad, quien cumpl\u00eda condena de 14 a\u00f1os por el delito de Robo con intimidaci\u00f3n, yace sobre el piso cubierto por una tela oscura.<\/figcaption><\/figure>\n<figure id=\"attachment_88835\" aria-describedby=\"caption-attachment-88835\" style=\"width: 579px\" class=\"wp-caption alignnone\"><img data-recalc-dims=\"1\" loading=\"lazy\" decoding=\"async\" class=\"size-full wp-image-88835\" src=\"https:\/\/i0.wp.com\/www.eltrabajo.cl\/2017\/wp-content\/uploads\/2018\/10\/Reo_Ivan-Duran.jpg?resize=579%2C611\" alt=\"La muerte de Iv\u00e1n Dur\u00e1n Varas se registr\u00f3 la tarde del viernes 15 de diciembre de 2017 en medio de una ri\u00f1a con otro reo en el Centro de Cumplimiento Penitenciario de San Felipe.\" width=\"579\" height=\"611\" srcset=\"https:\/\/i0.wp.com\/www.eltrabajo.cl\/2017\/wp-content\/uploads\/2018\/10\/Reo_Ivan-Duran.jpg?w=579&amp;ssl=1 579w, https:\/\/i0.wp.com\/www.eltrabajo.cl\/2017\/wp-content\/uploads\/2018\/10\/Reo_Ivan-Duran.jpg?resize=284%2C300&amp;ssl=1 284w, https:\/\/i0.wp.com\/www.eltrabajo.cl\/2017\/wp-content\/uploads\/2018\/10\/Reo_Ivan-Duran.jpg?resize=142%2C150&amp;ssl=1 142w\" sizes=\"auto, (max-width: 579px) 100vw, 579px\" \/><figcaption id=\"caption-attachment-88835\" class=\"wp-caption-text\">La muerte de Iv\u00e1n Dur\u00e1n Varas se registr\u00f3 la tarde del viernes 15 de diciembre de 2017 en medio de una ri\u00f1a con otro reo en el Centro de Cumplimiento Penitenciario de San Felipe.<\/figcaption><\/figure>\n","protected":false},"excerpt":{"rendered":"<div class=\"mh-excerpt\"><p>Condenado por el Tribunal Oral por homicidio: V\u00edctima y victimario se encontraban en el patio de condenados, enfrasc\u00e1ndose ambos en una violenta ri\u00f1a resolviendo sus <a class=\"mh-excerpt-more\" href=\"https:\/\/www.eltrabajo.cl\/2017\/hasta-10-anos-podrian-sentenciar-a-sujeto-que-mato-a-interno-de-la-carcel\/\" title=\"Hasta 10 a\u00f1os podr\u00edan sentenciar a sujeto que mat\u00f3 a interno de la c\u00e1rcel\">[&#8230;]<\/a><\/p>\n<\/div>","protected":false},"author":1,"featured_media":88833,"comment_status":"open","ping_status":"open","sticky":false,"template":"","format":"standard","meta":{"_jetpack_newsletter_access":"","_jetpack_dont_email_post_to_subs":false,"_jetpack_newsletter_tier_id":0,"_jetpack_memberships_contains_paywalled_content":false,"_jetpack_memberships_contains_paid_content":false,"footnotes":""},"categories":[2],"tags":[],"class_list":["post-88832","post","type-post","status-publish","format-standard","has-post-thumbnail","hentry","category-policial"],"nelio_content":{"autoShareEndMode":"never","automationSources":{"useCustomSentences":false,"customSentences":[]},"efiAlt":"","efiUrl":"","followers":[],"highlights":[],"isAutoShareEnabled":true,"networkImageIds":[],"permalinkQueryArgs":[],"series":[],"suggestedReferences":[]},"jetpack_featured_media_url":"https:\/\/i0.wp.com\/www.eltrabajo.cl\/2017\/wp-content\/uploads\/2018\/10\/Reo-duran-varas.jpg?fit=580%2C360&ssl=1","jetpack_sharing_enabled":true,"_links":{"self":[{"href":"https:\/\/www.eltrabajo.cl\/2017\/wp-json\/wp\/v2\/posts\/88832","targetHints":{"allow":["GET"]}}],"collection":[{"href":"https:\/\/www.eltrabajo.cl\/2017\/wp-json\/wp\/v2\/posts"}],"about":[{"href":"https:\/\/www.eltrabajo.cl\/2017\/wp-json\/wp\/v2\/types\/post"}],"author":[{"embeddable":true,"href":"https:\/\/www.eltrabajo.cl\/2017\/wp-json\/wp\/v2\/users\/1"}],"replies":[{"embeddable":true,"href":"https:\/\/www.eltrabajo.cl\/2017\/wp-json\/wp\/v2\/comments?post=88832"}],"version-history":[{"count":1,"href":"https:\/\/www.eltrabajo.cl\/2017\/wp-json\/wp\/v2\/posts\/88832\/revisions"}],"predecessor-version":[{"id":88836,"href":"https:\/\/www.eltrabajo.cl\/2017\/wp-json\/wp\/v2\/posts\/88832\/revisions\/88836"}],"wp:featuredmedia":[{"embeddable":true,"href":"https:\/\/www.eltrabajo.cl\/2017\/wp-json\/wp\/v2\/media\/88833"}],"wp:attachment":[{"href":"https:\/\/www.eltrabajo.cl\/2017\/wp-json\/wp\/v2\/media?parent=88832"}],"wp:term":[{"taxonomy":"category","embeddable":true,"href":"https:\/\/www.eltrabajo.cl\/2017\/wp-json\/wp\/v2\/categories?post=88832"},{"taxonomy":"post_tag","embeddable":true,"href":"https:\/\/www.eltrabajo.cl\/2017\/wp-json\/wp\/v2\/tags?post=88832"}],"curies":[{"name":"wp","href":"https:\/\/api.w.org\/{rel}","templated":true}]}}