{"id":88837,"date":"2018-10-25T05:01:24","date_gmt":"2018-10-25T09:01:24","guid":{"rendered":"http:\/\/www.eltrabajo.cl\/2017\/?p=88837"},"modified":"2018-10-24T19:59:46","modified_gmt":"2018-10-24T23:59:46","slug":"en-enero-podria-realizarse-el-juicio-por-homicidio-de-susana-sanhueza","status":"publish","type":"post","link":"https:\/\/www.eltrabajo.cl\/2017\/en-enero-podria-realizarse-el-juicio-por-homicidio-de-susana-sanhueza\/","title":{"rendered":"En enero podr\u00eda realizarse el juicio por homicidio de Susana Sanhueza"},"content":{"rendered":"<figure id=\"attachment_88838\" aria-describedby=\"caption-attachment-88838\" style=\"width: 580px\" class=\"wp-caption alignnone\"><img data-recalc-dims=\"1\" loading=\"lazy\" decoding=\"async\" class=\"size-full wp-image-88838\" src=\"https:\/\/i0.wp.com\/www.eltrabajo.cl\/2017\/wp-content\/uploads\/2018\/10\/CUERPO-DE-SUSANA.jpg?resize=580%2C360\" alt=\"El cuerpo de Susana Sanhueza fue levantado por peritos de la Polic\u00eda de Investigaciones y Servicio M\u00e9dico Legal desde el archivero municipal en calle Prat de San Felipe.\" width=\"580\" height=\"360\" srcset=\"https:\/\/i0.wp.com\/www.eltrabajo.cl\/2017\/wp-content\/uploads\/2018\/10\/CUERPO-DE-SUSANA.jpg?w=580&amp;ssl=1 580w, https:\/\/i0.wp.com\/www.eltrabajo.cl\/2017\/wp-content\/uploads\/2018\/10\/CUERPO-DE-SUSANA.jpg?resize=300%2C186&amp;ssl=1 300w, https:\/\/i0.wp.com\/www.eltrabajo.cl\/2017\/wp-content\/uploads\/2018\/10\/CUERPO-DE-SUSANA.jpg?resize=150%2C93&amp;ssl=1 150w\" sizes=\"auto, (max-width: 580px) 100vw, 580px\" \/><figcaption id=\"caption-attachment-88838\" class=\"wp-caption-text\">El cuerpo de Susana Sanhueza fue levantado por peritos de la Polic\u00eda de Investigaciones y Servicio M\u00e9dico Legal desde el archivero municipal en calle Prat de San Felipe.<\/figcaption><\/figure>\n<p><span style=\"color: #ff0000;\"><strong>Seg\u00fan anunci\u00f3 la Fiscal\u00eda de San Felipe:<\/strong><\/span><\/p>\n<ul>\n<li><strong>Imputado por este crimen a\u00fan permanece interno en la UEPI del Hospital Psiqui\u00e1trico de Putaendo, esperando ser sometido a pericias de salud mental. Como se recordar\u00e1 el crimen fue descubierto en marzo del 2017, cuando el cuerpo de la joven fue hallado en el archivero municipal de San Felipe. <\/strong><\/li>\n<\/ul>\n<p>A finales de este a\u00f1o o enero del 2019 se tendr\u00eda contemplada la realizaci\u00f3n del esperado juicio oral por el homicidio de Susana Estefan\u00eda Sanhueza Aravena, cuyo cuerpo fue hallado el 7 de marzo de 2017 en el archivero municipal en calle Prat de San Felipe, cuya causa de muerte fue asfixia por sofocaci\u00f3n.<br \/>\nEl controversial caso que tiene como \u00fanico imputado a Cristian Andr\u00e9s Mu\u00f1oz Mu\u00f1oz, actualmente internado en la Unidad de Evaluaci\u00f3n de Personas Imputadas (UEPI) del Hospital Psiqui\u00e1trico Dr. Philippe Pinel de Putaendo, tendr\u00e1 un hito importante este lunes, cuando se debata entre los intervinientes una audiencia judicial de revisi\u00f3n de medidas cautelares de prisi\u00f3n preventiva.<br \/>\nComo se recordar\u00e1 Mu\u00f1oz se encuentra en este centro hospitalario a petici\u00f3n de la Defensa, para ser sometido a pericias que determinen si padece trastornos psiqui\u00e1tricos.<br \/>\nPese a que en su oportunidad se vislumbr\u00f3 la realizaci\u00f3n de este juicio oral para mediados de este a\u00f1o, la Fiscal\u00eda adelant\u00f3 que para el pr\u00f3ximo mes de noviembre se realizar\u00e1 una audiencia de preparaci\u00f3n de juicio sobre este crimen, y de acuerdo a la agenda del Tribunal Oral de San Felipe se determinar\u00e1 la fecha para realizar el proceso oral.<br \/>\nRecordar que la muerte de Susana Sanhueza caus\u00f3 conmoci\u00f3n a nivel local y nacional, ya que luego que su familia la reportara como desaparecida desde San Esteban, sorpresivamente su cuerpo fue hallado descompuesto en el archivero municipal de calle Prat en San Felipe, envuelto en bolsas de basura.<br \/>\nDe acuerdo a las grabaciones de c\u00e1maras de seguridad de locales comerciales aleda\u00f1os al sitio del suceso y la clonaci\u00f3n del chip del celular de la v\u00edctima, se pudo ubicar a Mu\u00f1oz en el lugar del crimen, quien confes\u00f3 en su oportunidad ante la polic\u00eda, haber colocado una bolsa pl\u00e1stica en la cabeza de Susana creyendo que estar\u00eda muerta tras sufrir un shock diab\u00e9tico, envolviendo su cuerpo en bolsas de basura.<br \/>\n<strong>Pablo Salinas Sald\u00edas<\/strong><\/p>\n<figure id=\"attachment_88839\" aria-describedby=\"caption-attachment-88839\" style=\"width: 580px\" class=\"wp-caption alignnone\"><img data-recalc-dims=\"1\" loading=\"lazy\" decoding=\"async\" class=\"size-full wp-image-88839\" src=\"https:\/\/i0.wp.com\/www.eltrabajo.cl\/2017\/wp-content\/uploads\/2018\/10\/SUSANA-SANHUEZA.jpg?resize=580%2C553\" alt=\"Susana Sanhueza fue hallada muerta el 7 de marzo del 2017.\" width=\"580\" height=\"553\" srcset=\"https:\/\/i0.wp.com\/www.eltrabajo.cl\/2017\/wp-content\/uploads\/2018\/10\/SUSANA-SANHUEZA.jpg?w=580&amp;ssl=1 580w, https:\/\/i0.wp.com\/www.eltrabajo.cl\/2017\/wp-content\/uploads\/2018\/10\/SUSANA-SANHUEZA.jpg?resize=300%2C286&amp;ssl=1 300w, https:\/\/i0.wp.com\/www.eltrabajo.cl\/2017\/wp-content\/uploads\/2018\/10\/SUSANA-SANHUEZA.jpg?resize=150%2C143&amp;ssl=1 150w\" sizes=\"auto, (max-width: 580px) 100vw, 580px\" \/><figcaption id=\"caption-attachment-88839\" class=\"wp-caption-text\">Susana Sanhueza fue hallada muerta el 7 de marzo del 2017.<\/figcaption><\/figure>\n","protected":false},"excerpt":{"rendered":"<div class=\"mh-excerpt\"><p>Seg\u00fan anunci\u00f3 la Fiscal\u00eda de San Felipe: Imputado por este crimen a\u00fan permanece interno en la UEPI del Hospital Psiqui\u00e1trico de Putaendo, esperando ser sometido <a class=\"mh-excerpt-more\" href=\"https:\/\/www.eltrabajo.cl\/2017\/en-enero-podria-realizarse-el-juicio-por-homicidio-de-susana-sanhueza\/\" title=\"En enero podr\u00eda realizarse el juicio por homicidio de Susana Sanhueza\">[&#8230;]<\/a><\/p>\n<\/div>","protected":false},"author":1,"featured_media":88838,"comment_status":"open","ping_status":"open","sticky":false,"template":"","format":"standard","meta":{"_jetpack_newsletter_access":"","_jetpack_dont_email_post_to_subs":false,"_jetpack_newsletter_tier_id":0,"_jetpack_memberships_contains_paywalled_content":false,"_jetpack_memberships_contains_paid_content":false,"footnotes":""},"categories":[2],"tags":[],"class_list":["post-88837","post","type-post","status-publish","format-standard","has-post-thumbnail","hentry","category-policial"],"nelio_content":{"autoShareEndMode":"never","automationSources":{"useCustomSentences":false,"customSentences":[]},"efiAlt":"","efiUrl":"","followers":[],"highlights":[],"isAutoShareEnabled":true,"networkImageIds":[],"permalinkQueryArgs":[],"series":[],"suggestedReferences":[]},"jetpack_featured_media_url":"https:\/\/i0.wp.com\/www.eltrabajo.cl\/2017\/wp-content\/uploads\/2018\/10\/CUERPO-DE-SUSANA.jpg?fit=580%2C360&ssl=1","jetpack_sharing_enabled":true,"_links":{"self":[{"href":"https:\/\/www.eltrabajo.cl\/2017\/wp-json\/wp\/v2\/posts\/88837","targetHints":{"allow":["GET"]}}],"collection":[{"href":"https:\/\/www.eltrabajo.cl\/2017\/wp-json\/wp\/v2\/posts"}],"about":[{"href":"https:\/\/www.eltrabajo.cl\/2017\/wp-json\/wp\/v2\/types\/post"}],"author":[{"embeddable":true,"href":"https:\/\/www.eltrabajo.cl\/2017\/wp-json\/wp\/v2\/users\/1"}],"replies":[{"embeddable":true,"href":"https:\/\/www.eltrabajo.cl\/2017\/wp-json\/wp\/v2\/comments?post=88837"}],"version-history":[{"count":1,"href":"https:\/\/www.eltrabajo.cl\/2017\/wp-json\/wp\/v2\/posts\/88837\/revisions"}],"predecessor-version":[{"id":88840,"href":"https:\/\/www.eltrabajo.cl\/2017\/wp-json\/wp\/v2\/posts\/88837\/revisions\/88840"}],"wp:featuredmedia":[{"embeddable":true,"href":"https:\/\/www.eltrabajo.cl\/2017\/wp-json\/wp\/v2\/media\/88838"}],"wp:attachment":[{"href":"https:\/\/www.eltrabajo.cl\/2017\/wp-json\/wp\/v2\/media?parent=88837"}],"wp:term":[{"taxonomy":"category","embeddable":true,"href":"https:\/\/www.eltrabajo.cl\/2017\/wp-json\/wp\/v2\/categories?post=88837"},{"taxonomy":"post_tag","embeddable":true,"href":"https:\/\/www.eltrabajo.cl\/2017\/wp-json\/wp\/v2\/tags?post=88837"}],"curies":[{"name":"wp","href":"https:\/\/api.w.org\/{rel}","templated":true}]}}