{"id":88861,"date":"2018-10-26T05:02:33","date_gmt":"2018-10-26T09:02:33","guid":{"rendered":"http:\/\/www.eltrabajo.cl\/2017\/?p=88861"},"modified":"2018-10-25T20:23:50","modified_gmt":"2018-10-26T00:23:50","slug":"sujeto-fue-absuelto-de-receptacion-de-cuantiosas-especies-robadas-en-los-andes","status":"publish","type":"post","link":"https:\/\/www.eltrabajo.cl\/2017\/sujeto-fue-absuelto-de-receptacion-de-cuantiosas-especies-robadas-en-los-andes\/","title":{"rendered":"Sujeto fue absuelto de receptaci\u00f3n de cuantiosas especies robadas en Los Andes"},"content":{"rendered":"<figure id=\"attachment_88862\" aria-describedby=\"caption-attachment-88862\" style=\"width: 580px\" class=\"wp-caption alignnone\"><img data-recalc-dims=\"1\" loading=\"lazy\" decoding=\"async\" class=\"size-full wp-image-88862\" src=\"https:\/\/i0.wp.com\/www.eltrabajo.cl\/2017\/wp-content\/uploads\/2018\/10\/detenido-carabineros.jpg?resize=580%2C358\" alt=\"Carabineros efectu\u00f3 la fiscalizaci\u00f3n vehicular el pasado 22 de abril del 2017, incautando las especies reportadas por robo en Los Andes. (Foto Archivo).\" width=\"580\" height=\"358\" srcset=\"https:\/\/i0.wp.com\/www.eltrabajo.cl\/2017\/wp-content\/uploads\/2018\/10\/detenido-carabineros.jpg?resize=300%2C185&amp;ssl=1 300w, https:\/\/i0.wp.com\/www.eltrabajo.cl\/2017\/wp-content\/uploads\/2018\/10\/detenido-carabineros.jpg?resize=150%2C93&amp;ssl=1 150w\" sizes=\"auto, (max-width: 580px) 100vw, 580px\" \/><figcaption id=\"caption-attachment-88862\" class=\"wp-caption-text\">Carabineros efectu\u00f3 la fiscalizaci\u00f3n vehicular el pasado 22 de abril del 2017, incautando las especies reportadas por robo en Los Andes. (Foto Archivo).<\/figcaption><\/figure>\n<p><span style=\"color: #ff0000;\"><strong>Fiscal\u00eda interpuso recurso de nulidad:<\/strong><\/span><\/p>\n<ul>\n<li><strong>Seg\u00fan la investigaci\u00f3n del Ministerio P\u00fablico de San Felipe, el acusado junto a otro sujeto fueron sorprendidos por Carabineros dentro de un veh\u00edculo transportando las especies robadas que hab\u00edan sido denunciadas por una v\u00edctima dos d\u00edas antes. <\/strong><\/li>\n<\/ul>\n<p>El Tribunal Oral en Lo Penal de San Felipe resolvi\u00f3 por unanimidad absolver de cargos a un sujeto de iniciales R.A.F.O., quien fue acusado por la Fiscal\u00eda de receptaci\u00f3n de especies robadas desde una vivienda en la comuna de Los Andes, persigui\u00e9ndose una condena de cinco a\u00f1os de presidio menor en su grado m\u00e1ximo.<br \/>\nDe acuerdo a los planteamientos del Ministerio P\u00fablico, el 22 de abril del 2017 en horas de la madrugada, el acusado junto a otro sujeto habr\u00edan sido sorprendidos por Carabineros a bordo de un veh\u00edculo marca Chevrolet de color gris, estacionado a la altura de la Agr\u00edcola Mauco de San Felipe, siendo sometidos a control de identidad y revisi\u00f3n del m\u00f3vil.<br \/>\nLa investigaci\u00f3n refiere a que los funcionarios policiales habr\u00edan encontrado dentro del veh\u00edculo una chequera a nombre de una mujer quien dos d\u00edas antes denunci\u00f3 un robo producido en su vivienda ubicada en la avenida El Mirador de Los Andes, en la Tercera Comisar\u00eda de Carabineros de esa comuna.<br \/>\nDurante la fiscalizaci\u00f3n policial, dentro del veh\u00edculo se hall\u00f3 una bolsa que conten\u00eda joyas, un notebook, tarjetas bancarias y un pasaporte a nombre de la misma v\u00edctima y la suma de $403.250 en dinero en efectivo, parte de las cuales fueron sustra\u00eddas desde el inmueble de la denunciante, mientras que las otras especies eran de origen desconocido.<br \/>\nPese a las pruebas rendidas en juicio oral a cargo del Fiscal Rodrigo Zapata Cu\u00e9llar, los jueces se pronunciaron en su veredicto que existir\u00edan dudas razonables respecto a la imputaci\u00f3n de cargos contra al acusado, resolviendo absolverlo de este delito.<br \/>\nNo obstante la Fiscal\u00eda elev\u00f3 un recurso de nulidad sobre este juicio ante la Corte de Apelaciones de Valpara\u00edso.<br \/>\n<strong>Pablo Salinas Sald\u00edas<\/strong><\/p>\n","protected":false},"excerpt":{"rendered":"<div class=\"mh-excerpt\"><p>Fiscal\u00eda interpuso recurso de nulidad: Seg\u00fan la investigaci\u00f3n del Ministerio P\u00fablico de San Felipe, el acusado junto a otro sujeto fueron sorprendidos por Carabineros dentro <a class=\"mh-excerpt-more\" href=\"https:\/\/www.eltrabajo.cl\/2017\/sujeto-fue-absuelto-de-receptacion-de-cuantiosas-especies-robadas-en-los-andes\/\" title=\"Sujeto fue absuelto de receptaci\u00f3n de cuantiosas especies robadas en Los Andes\">[&#8230;]<\/a><\/p>\n<\/div>","protected":false},"author":1,"featured_media":88862,"comment_status":"open","ping_status":"open","sticky":false,"template":"","format":"standard","meta":{"_jetpack_newsletter_access":"","_jetpack_dont_email_post_to_subs":false,"_jetpack_newsletter_tier_id":0,"_jetpack_memberships_contains_paywalled_content":false,"_jetpack_memberships_contains_paid_content":false,"footnotes":""},"categories":[2],"tags":[],"class_list":["post-88861","post","type-post","status-publish","format-standard","has-post-thumbnail","hentry","category-policial"],"nelio_content":{"autoShareEndMode":"never","automationSources":{"useCustomSentences":false,"customSentences":[]},"efiAlt":"","efiUrl":"","followers":[],"highlights":[],"isAutoShareEnabled":true,"networkImageIds":[],"permalinkQueryArgs":[],"series":[],"suggestedReferences":[]},"jetpack_featured_media_url":"https:\/\/i0.wp.com\/www.eltrabajo.cl\/2017\/wp-content\/uploads\/2018\/10\/detenido-carabineros.jpg?fit=578%2C391&ssl=1","jetpack_sharing_enabled":true,"_links":{"self":[{"href":"https:\/\/www.eltrabajo.cl\/2017\/wp-json\/wp\/v2\/posts\/88861","targetHints":{"allow":["GET"]}}],"collection":[{"href":"https:\/\/www.eltrabajo.cl\/2017\/wp-json\/wp\/v2\/posts"}],"about":[{"href":"https:\/\/www.eltrabajo.cl\/2017\/wp-json\/wp\/v2\/types\/post"}],"author":[{"embeddable":true,"href":"https:\/\/www.eltrabajo.cl\/2017\/wp-json\/wp\/v2\/users\/1"}],"replies":[{"embeddable":true,"href":"https:\/\/www.eltrabajo.cl\/2017\/wp-json\/wp\/v2\/comments?post=88861"}],"version-history":[{"count":1,"href":"https:\/\/www.eltrabajo.cl\/2017\/wp-json\/wp\/v2\/posts\/88861\/revisions"}],"predecessor-version":[{"id":88863,"href":"https:\/\/www.eltrabajo.cl\/2017\/wp-json\/wp\/v2\/posts\/88861\/revisions\/88863"}],"wp:featuredmedia":[{"embeddable":true,"href":"https:\/\/www.eltrabajo.cl\/2017\/wp-json\/wp\/v2\/media\/88862"}],"wp:attachment":[{"href":"https:\/\/www.eltrabajo.cl\/2017\/wp-json\/wp\/v2\/media?parent=88861"}],"wp:term":[{"taxonomy":"category","embeddable":true,"href":"https:\/\/www.eltrabajo.cl\/2017\/wp-json\/wp\/v2\/categories?post=88861"},{"taxonomy":"post_tag","embeddable":true,"href":"https:\/\/www.eltrabajo.cl\/2017\/wp-json\/wp\/v2\/tags?post=88861"}],"curies":[{"name":"wp","href":"https:\/\/api.w.org\/{rel}","templated":true}]}}