{"id":88874,"date":"2018-10-26T05:05:29","date_gmt":"2018-10-26T09:05:29","guid":{"rendered":"http:\/\/www.eltrabajo.cl\/2017\/?p=88874"},"modified":"2018-10-25T20:30:40","modified_gmt":"2018-10-26T00:30:40","slug":"muere-colombiano-tras-recibir-impacto-de-bala-en-villa-san-alberto","status":"publish","type":"post","link":"https:\/\/www.eltrabajo.cl\/2017\/muere-colombiano-tras-recibir-impacto-de-bala-en-villa-san-alberto\/","title":{"rendered":"Muere colombiano tras recibir impacto de bala en Villa San Alberto"},"content":{"rendered":"<figure id=\"attachment_88875\" aria-describedby=\"caption-attachment-88875\" style=\"width: 578px\" class=\"wp-caption alignnone\"><img data-recalc-dims=\"1\" loading=\"lazy\" decoding=\"async\" class=\"size-full wp-image-88875\" src=\"https:\/\/i0.wp.com\/www.eltrabajo.cl\/2017\/wp-content\/uploads\/2018\/10\/villa-san-alberto.jpg?resize=578%2C360\" alt=\"OTRA VEZ.- Una vez m\u00e1s la Villa San Alberto es escenario de un violento crimen que vuelve a afectar a ciudadanos de origen colombiano. (Foto archivo).\" width=\"578\" height=\"360\" srcset=\"https:\/\/i0.wp.com\/www.eltrabajo.cl\/2017\/wp-content\/uploads\/2018\/10\/villa-san-alberto.jpg?w=578&amp;ssl=1 578w, https:\/\/i0.wp.com\/www.eltrabajo.cl\/2017\/wp-content\/uploads\/2018\/10\/villa-san-alberto.jpg?resize=300%2C187&amp;ssl=1 300w, https:\/\/i0.wp.com\/www.eltrabajo.cl\/2017\/wp-content\/uploads\/2018\/10\/villa-san-alberto.jpg?resize=150%2C93&amp;ssl=1 150w\" sizes=\"auto, (max-width: 578px) 100vw, 578px\" \/><figcaption id=\"caption-attachment-88875\" class=\"wp-caption-text\">OTRA VEZ.- Una vez m\u00e1s la Villa San Alberto es escenario de un violento crimen que vuelve a afectar a ciudadanos de origen colombiano. (Foto archivo).<\/figcaption><\/figure>\n<p><span style=\"color: #ff0000;\"><strong>Asesino tambi\u00e9n ser\u00eda de Colombia y permanece en fuga:<\/strong><\/span><\/p>\n<p><strong>LOS ANDES<\/strong>.- Un serio altercado entre dos hombres de nacionalidad colombiana se registr\u00f3 ayer en horas de la ma\u00f1ana, en el que finalmente uno de ellos identificado con las iniciales J.H.C., de 35 a\u00f1os de edad, recibi\u00f3 un disparo con arma de fuego, herida que le cost\u00f3 la vida horas despu\u00e9s en el Hospital San Juan de Dios, en Los Andes.<br \/>\nHasta el cierre de edici\u00f3n de nuestro medio, la informaci\u00f3n sobre este caso era bastante limitada, pues se trata de un homicidio que a\u00fan est\u00e1 en el proceso inicial de investigaci\u00f3n, donde no se han registrado detenciones por parte de la Brigada de Homicidios de la PDI.<br \/>\nDiario El Trabajo habl\u00f3 telef\u00f3nicamente con el comisario Gino Guti\u00e9rrez a cargo de la Brigada de Homicidios, quien se\u00f1al\u00f3 que \u00abde momento y por la l\u00ednea investigativa que no podemos interrumpir, lo que puedo confirmar es que mis agentes ya est\u00e1n desde hace varias horas investigando todos los pormenores a fin de establecer el M\u00f3vil que medi\u00f3 en este enfrentamiento. La persona ahora fallecida de iniciales J.H.C., fue herida en horas de la ma\u00f1ana por otro sujeto, esto ocurri\u00f3 en Villa San Alberto, a\u00fan no hemos capturado al sospechoso de este ataque\u00bb, coment\u00f3 Guti\u00e9rrez.<\/p>\n<p><span style=\"color: #ff0000;\"><strong>ASESINO COLOMBIANO<\/strong><\/span><br \/>\nTampoco el jefe de Homicidios de la PDI dio a conocer detalles de la v\u00edctima, no se conoce por el momento si el colombiano J.H.C. estaba en nuestro pa\u00eds en calidad de turista, si era un camionero o bien un residente permanente en Chile, lo cierto del reporte policial es que bien fuera de manera fortuita o porque ya conoc\u00eda a su atacante, \u00e9ste puso fin a la disputa personal que exist\u00eda entre ambos, quedando hasta el momento sin ser capturado ni presentado ante la Justicia.<br \/>\nEl tema de la nacionalidad del homicida fue un completo misterio, hasta que minutos antes de nuestro Cierre Final, una fuente confidencial y cercana al caso nos suministr\u00f3 informaci\u00f3n extraoficial que se\u00f1ala que el asesino es un colombiano, quien dio muerte a su compatriota en un departamento en Villa San Fernando y se dio a la fuga, y que tambi\u00e9n la v\u00edctima fue llevado al centro hospitalario andino por iniciativa de sus propios familiares.<br \/>\n<strong>Roberto Gonz\u00e1lez Short<\/strong><\/p>\n","protected":false},"excerpt":{"rendered":"<div class=\"mh-excerpt\"><p>Asesino tambi\u00e9n ser\u00eda de Colombia y permanece en fuga: LOS ANDES.- Un serio altercado entre dos hombres de nacionalidad colombiana se registr\u00f3 ayer en horas <a class=\"mh-excerpt-more\" href=\"https:\/\/www.eltrabajo.cl\/2017\/muere-colombiano-tras-recibir-impacto-de-bala-en-villa-san-alberto\/\" title=\"Muere colombiano tras recibir impacto de bala en Villa San Alberto\">[&#8230;]<\/a><\/p>\n<\/div>","protected":false},"author":1,"featured_media":88875,"comment_status":"open","ping_status":"open","sticky":false,"template":"","format":"standard","meta":{"_jetpack_newsletter_access":"","_jetpack_dont_email_post_to_subs":false,"_jetpack_newsletter_tier_id":0,"_jetpack_memberships_contains_paywalled_content":false,"_jetpack_memberships_contains_paid_content":false,"footnotes":""},"categories":[2],"tags":[],"class_list":["post-88874","post","type-post","status-publish","format-standard","has-post-thumbnail","hentry","category-policial"],"nelio_content":{"autoShareEndMode":"never","automationSources":{"useCustomSentences":false,"customSentences":[]},"efiAlt":"","efiUrl":"","followers":[],"highlights":[],"isAutoShareEnabled":true,"networkImageIds":[],"permalinkQueryArgs":[],"series":[],"suggestedReferences":[]},"jetpack_featured_media_url":"https:\/\/i0.wp.com\/www.eltrabajo.cl\/2017\/wp-content\/uploads\/2018\/10\/villa-san-alberto.jpg?fit=578%2C360&ssl=1","jetpack_sharing_enabled":true,"_links":{"self":[{"href":"https:\/\/www.eltrabajo.cl\/2017\/wp-json\/wp\/v2\/posts\/88874","targetHints":{"allow":["GET"]}}],"collection":[{"href":"https:\/\/www.eltrabajo.cl\/2017\/wp-json\/wp\/v2\/posts"}],"about":[{"href":"https:\/\/www.eltrabajo.cl\/2017\/wp-json\/wp\/v2\/types\/post"}],"author":[{"embeddable":true,"href":"https:\/\/www.eltrabajo.cl\/2017\/wp-json\/wp\/v2\/users\/1"}],"replies":[{"embeddable":true,"href":"https:\/\/www.eltrabajo.cl\/2017\/wp-json\/wp\/v2\/comments?post=88874"}],"version-history":[{"count":1,"href":"https:\/\/www.eltrabajo.cl\/2017\/wp-json\/wp\/v2\/posts\/88874\/revisions"}],"predecessor-version":[{"id":88876,"href":"https:\/\/www.eltrabajo.cl\/2017\/wp-json\/wp\/v2\/posts\/88874\/revisions\/88876"}],"wp:featuredmedia":[{"embeddable":true,"href":"https:\/\/www.eltrabajo.cl\/2017\/wp-json\/wp\/v2\/media\/88875"}],"wp:attachment":[{"href":"https:\/\/www.eltrabajo.cl\/2017\/wp-json\/wp\/v2\/media?parent=88874"}],"wp:term":[{"taxonomy":"category","embeddable":true,"href":"https:\/\/www.eltrabajo.cl\/2017\/wp-json\/wp\/v2\/categories?post=88874"},{"taxonomy":"post_tag","embeddable":true,"href":"https:\/\/www.eltrabajo.cl\/2017\/wp-json\/wp\/v2\/tags?post=88874"}],"curies":[{"name":"wp","href":"https:\/\/api.w.org\/{rel}","templated":true}]}}