{"id":88880,"date":"2018-10-29T07:21:55","date_gmt":"2018-10-29T11:21:55","guid":{"rendered":"http:\/\/www.eltrabajo.cl\/2017\/?p=88880"},"modified":"2018-10-29T07:21:55","modified_gmt":"2018-10-29T11:21:55","slug":"de-campana-volco-espectacularmente-un-auto-en-avenida-santa-teresa","status":"publish","type":"post","link":"https:\/\/www.eltrabajo.cl\/2017\/de-campana-volco-espectacularmente-un-auto-en-avenida-santa-teresa\/","title":{"rendered":"De campana volc\u00f3 espectacularmente un auto en Avenida Santa Teresa"},"content":{"rendered":"<figure id=\"attachment_88882\" aria-describedby=\"caption-attachment-88882\" style=\"width: 578px\" class=\"wp-caption alignnone\"><img data-recalc-dims=\"1\" loading=\"lazy\" decoding=\"async\" class=\"size-full wp-image-88882\" src=\"https:\/\/i0.wp.com\/www.eltrabajo.cl\/2017\/wp-content\/uploads\/2018\/10\/vuelco-2.jpg?resize=578%2C386\" alt=\"RESCATE.- Atendieron la emergencia la Unidad de Rescate de la Primera Compa\u00f1\u00eda de Bomberos, el carro Hazmat de la Segunda Compa\u00f1\u00eda, Samu y Carabineros..\" width=\"578\" height=\"386\" srcset=\"https:\/\/i0.wp.com\/www.eltrabajo.cl\/2017\/wp-content\/uploads\/2018\/10\/vuelco-2.jpg?w=578&amp;ssl=1 578w, https:\/\/i0.wp.com\/www.eltrabajo.cl\/2017\/wp-content\/uploads\/2018\/10\/vuelco-2.jpg?resize=300%2C200&amp;ssl=1 300w, https:\/\/i0.wp.com\/www.eltrabajo.cl\/2017\/wp-content\/uploads\/2018\/10\/vuelco-2.jpg?resize=150%2C100&amp;ssl=1 150w\" sizes=\"auto, (max-width: 578px) 100vw, 578px\" \/><figcaption id=\"caption-attachment-88882\" class=\"wp-caption-text\">RESCATE.- Atendieron la emergencia la Unidad de Rescate de la Primera Compa\u00f1\u00eda de Bomberos, el carro Hazmat de la Segunda Compa\u00f1\u00eda, Samu y Carabineros..<\/figcaption><\/figure>\n<p><strong>LOS ANDES<\/strong>.- Como si se tratara de un rodaje cinematogr\u00e1fico, la espectacular escena gener\u00f3 gran expectaci\u00f3n a ra\u00edz del volcamiento de un autom\u00f3vil ocurrido la madrugada de este domingo en plena Avenida Santa Teresa, el cual dej\u00f3 una persona lesionada, un detenido y el conductor en fuga.<br \/>\nEl accidente se registr\u00f3 minutos antes de la 4 de la madrugada, cuando por Avenida Santa Teresa en direcci\u00f3n al norte se desplazaba a exceso de velocidad un autom\u00f3vil marca Hyundai modelo Elantra, matr\u00edcula PA 34-34, con tres ocupantes en su interior.<br \/>\nAl llegar a la intersecci\u00f3n con Chacabuco, donde se produce una curva, el conductor perdi\u00f3 el control, comenz\u00f3 zigzaguear para luego subirse a la acera oriente de Santa Teresa, impactar una reja de protecci\u00f3n met\u00e1lica y terminar finalmente volcado de campana en la esquina con Calle Freire. Pese al impacto, el conductor sali\u00f3 por sus propios medios del autom\u00f3vil, d\u00e1ndose a la fuga a pie por Calle Freire en direcci\u00f3n al oriente.<\/p>\n<p><span style=\"color: #ff0000;\"><strong>UN DETENIDO<\/strong><\/span><br \/>\nEn tanto, un segundo ocupante tambi\u00e9n pudo salir por s\u00ed mismo del m\u00f3vil, quedando al interior atrapado un tercer sujeto. Es por ello que debi\u00f3 concurrir la Unidad de Rescate de la Primera Compa\u00f1\u00eda de Bomberos, el carro Hazmat de la Segunda Compa\u00f1\u00eda, Samu y Carabineros del cuadrante central.<br \/>\nA la llegada de Bomberos y Carabineros, el segundo sujeto que hab\u00eda logrado salir del auto extrajo un arma blanca, con la cual comenz\u00f3 a amenazarlos, para luego tomar un fierro de la misma reja que hab\u00edan derribado con la intenci\u00f3n de agredirlos.<br \/>\nAnte ello, el personal de Carabineros debi\u00f3 reducirlo por la fuerza y trasladarlo hasta dependencias de la Tercera Comisar\u00eda. Finalmente el tercer ocupante pudo ser rescatado y entregado a Samu, siendo derivado hasta el Servicio de Urgencia del Hospital San Juan de Dios.<br \/>\nAsimismo, Carabineros qued\u00f3 a cargo de las diligencias para establecer la identidad del conductor, ya que algunos testigos que circulaban en otros veh\u00edculos vieron pasar a este autom\u00f3vil a m\u00e1s de 150 kil\u00f3metros por hora e incluso surgieron versiones que habr\u00eda participado de un il\u00edcito, pero todo ello ser\u00e1 materia de investigaci\u00f3n por parte de la fiscal\u00eda. Llama la atenci\u00f3n que en los dos accidente de tr\u00e1nsito ocurridos este fin de semana el centro de la ciudad, los conductores responsables se hayan dado a la fuga.<\/p>\n<figure id=\"attachment_88881\" aria-describedby=\"caption-attachment-88881\" style=\"width: 580px\" class=\"wp-caption alignnone\"><img data-recalc-dims=\"1\" loading=\"lazy\" decoding=\"async\" class=\"size-full wp-image-88881\" src=\"https:\/\/i0.wp.com\/www.eltrabajo.cl\/2017\/wp-content\/uploads\/2018\/10\/vuelco-1.jpg?resize=580%2C362\" alt=\"DE PEL\u00cdCULA.- As\u00ed qued\u00f3 el veh\u00edculo, luego que al llegar a la intersecci\u00f3n con Chacabuco, donde se produce una curva, el conductor perdi\u00f3 el control, comenz\u00f3 zigzaguear para luego subirse a la acera oriente de Santa Teresa.\" width=\"580\" height=\"362\" srcset=\"https:\/\/i0.wp.com\/www.eltrabajo.cl\/2017\/wp-content\/uploads\/2018\/10\/vuelco-1.jpg?w=580&amp;ssl=1 580w, https:\/\/i0.wp.com\/www.eltrabajo.cl\/2017\/wp-content\/uploads\/2018\/10\/vuelco-1.jpg?resize=300%2C187&amp;ssl=1 300w, https:\/\/i0.wp.com\/www.eltrabajo.cl\/2017\/wp-content\/uploads\/2018\/10\/vuelco-1.jpg?resize=150%2C94&amp;ssl=1 150w\" sizes=\"auto, (max-width: 580px) 100vw, 580px\" \/><figcaption id=\"caption-attachment-88881\" class=\"wp-caption-text\">DE PEL\u00cdCULA.- As\u00ed qued\u00f3 el veh\u00edculo, luego que al llegar a la intersecci\u00f3n con Chacabuco, donde se produce una curva, el conductor perdi\u00f3 el control, comenz\u00f3 zigzaguear para luego subirse a la acera oriente de Santa Teresa.<\/figcaption><\/figure>\n","protected":false},"excerpt":{"rendered":"<div class=\"mh-excerpt\"><p>LOS ANDES.- Como si se tratara de un rodaje cinematogr\u00e1fico, la espectacular escena gener\u00f3 gran expectaci\u00f3n a ra\u00edz del volcamiento de un autom\u00f3vil ocurrido la <a class=\"mh-excerpt-more\" href=\"https:\/\/www.eltrabajo.cl\/2017\/de-campana-volco-espectacularmente-un-auto-en-avenida-santa-teresa\/\" title=\"De campana volc\u00f3 espectacularmente un auto en Avenida Santa Teresa\">[&#8230;]<\/a><\/p>\n<\/div>","protected":false},"author":1,"featured_media":88881,"comment_status":"open","ping_status":"open","sticky":false,"template":"","format":"standard","meta":{"_jetpack_newsletter_access":"","_jetpack_dont_email_post_to_subs":false,"_jetpack_newsletter_tier_id":0,"_jetpack_memberships_contains_paywalled_content":false,"_jetpack_memberships_contains_paid_content":false,"footnotes":""},"categories":[2],"tags":[],"class_list":["post-88880","post","type-post","status-publish","format-standard","has-post-thumbnail","hentry","category-policial"],"nelio_content":{"autoShareEndMode":"never","automationSources":{"useCustomSentences":false,"customSentences":[]},"efiAlt":"","efiUrl":"","followers":[],"highlights":[],"isAutoShareEnabled":true,"networkImageIds":[],"permalinkQueryArgs":[],"series":[],"suggestedReferences":[]},"jetpack_featured_media_url":"https:\/\/i0.wp.com\/www.eltrabajo.cl\/2017\/wp-content\/uploads\/2018\/10\/vuelco-1.jpg?fit=580%2C362&ssl=1","jetpack_sharing_enabled":true,"_links":{"self":[{"href":"https:\/\/www.eltrabajo.cl\/2017\/wp-json\/wp\/v2\/posts\/88880","targetHints":{"allow":["GET"]}}],"collection":[{"href":"https:\/\/www.eltrabajo.cl\/2017\/wp-json\/wp\/v2\/posts"}],"about":[{"href":"https:\/\/www.eltrabajo.cl\/2017\/wp-json\/wp\/v2\/types\/post"}],"author":[{"embeddable":true,"href":"https:\/\/www.eltrabajo.cl\/2017\/wp-json\/wp\/v2\/users\/1"}],"replies":[{"embeddable":true,"href":"https:\/\/www.eltrabajo.cl\/2017\/wp-json\/wp\/v2\/comments?post=88880"}],"version-history":[{"count":1,"href":"https:\/\/www.eltrabajo.cl\/2017\/wp-json\/wp\/v2\/posts\/88880\/revisions"}],"predecessor-version":[{"id":88883,"href":"https:\/\/www.eltrabajo.cl\/2017\/wp-json\/wp\/v2\/posts\/88880\/revisions\/88883"}],"wp:featuredmedia":[{"embeddable":true,"href":"https:\/\/www.eltrabajo.cl\/2017\/wp-json\/wp\/v2\/media\/88881"}],"wp:attachment":[{"href":"https:\/\/www.eltrabajo.cl\/2017\/wp-json\/wp\/v2\/media?parent=88880"}],"wp:term":[{"taxonomy":"category","embeddable":true,"href":"https:\/\/www.eltrabajo.cl\/2017\/wp-json\/wp\/v2\/categories?post=88880"},{"taxonomy":"post_tag","embeddable":true,"href":"https:\/\/www.eltrabajo.cl\/2017\/wp-json\/wp\/v2\/tags?post=88880"}],"curies":[{"name":"wp","href":"https:\/\/api.w.org\/{rel}","templated":true}]}}