{"id":88894,"date":"2018-10-29T07:28:16","date_gmt":"2018-10-29T11:28:16","guid":{"rendered":"http:\/\/www.eltrabajo.cl\/2017\/?p=88894"},"modified":"2018-10-29T07:28:16","modified_gmt":"2018-10-29T11:28:16","slug":"muere-camionero-al-desbarrancar-desde-mas-de-150-metros-en-catemu","status":"publish","type":"post","link":"https:\/\/www.eltrabajo.cl\/2017\/muere-camionero-al-desbarrancar-desde-mas-de-150-metros-en-catemu\/","title":{"rendered":"Muere camionero al desbarrancar desde m\u00e1s de 150 metros en Catemu"},"content":{"rendered":"<figure id=\"attachment_88895\" aria-describedby=\"caption-attachment-88895\" style=\"width: 580px\" class=\"wp-caption alignnone\"><img data-recalc-dims=\"1\" loading=\"lazy\" decoding=\"async\" class=\"size-full wp-image-88895\" src=\"https:\/\/i0.wp.com\/www.eltrabajo.cl\/2017\/wp-content\/uploads\/2018\/10\/CAMION-CATEMU.jpg?resize=580%2C348\" alt=\"El tr\u00e1gico accidente ocurri\u00f3 la tarde de este viernes en el sector Seco Alto de Catemu, luego que el cami\u00f3n desbarranc\u00f3 unos 150 metros. (Fotograf\u00eda: @AquiCatemu).\" width=\"580\" height=\"348\" srcset=\"https:\/\/i0.wp.com\/www.eltrabajo.cl\/2017\/wp-content\/uploads\/2018\/10\/CAMION-CATEMU.jpg?w=580&amp;ssl=1 580w, https:\/\/i0.wp.com\/www.eltrabajo.cl\/2017\/wp-content\/uploads\/2018\/10\/CAMION-CATEMU.jpg?resize=300%2C180&amp;ssl=1 300w, https:\/\/i0.wp.com\/www.eltrabajo.cl\/2017\/wp-content\/uploads\/2018\/10\/CAMION-CATEMU.jpg?resize=150%2C90&amp;ssl=1 150w\" sizes=\"auto, (max-width: 580px) 100vw, 580px\" \/><figcaption id=\"caption-attachment-88895\" class=\"wp-caption-text\">El tr\u00e1gico accidente ocurri\u00f3 la tarde de este viernes en el sector Seco Alto de Catemu, luego que el cami\u00f3n desbarranc\u00f3 unos 150 metros. (Fotograf\u00eda: @AquiCatemu).<\/figcaption><\/figure>\n<p><span style=\"color: #ff0000;\"><strong>Fatal accidente afect\u00f3 a conductor de 39 a\u00f1os:<\/strong><\/span><\/p>\n<p>Bomberos efectu\u00f3 las labores para el rescate del conductor en el sector Seco Alto de Catemu, sin embargo el Samu constat\u00f3 el lamentable deceso del trabajador domiciliado en Llay Llay.<br \/>\nAlrededor de las 18:30 horas de este viernes se confirm\u00f3 el tr\u00e1gico deceso de David Marcelo Arellano Saavedra, de 39 a\u00f1os de edad, quien perdi\u00f3 la vida tras desbarrancar el cami\u00f3n tolva que conduc\u00eda a m\u00e1s de 150 metros del camino interior de la mina El Cerrado, en sector Seco Alto de Catemu.<br \/>\nDe acuerdo a las informaciones preliminares proporcionadas por Carabineros, la v\u00edctima conduc\u00eda sin acompa\u00f1antes la pesada m\u00e1quina, efectuando sus labores de transporte de sulfuro en direcci\u00f3n a la Minera Amalia.<\/p>\n<p><span style=\"color: #ff0000;\"><strong>LO FATAL<\/strong><\/span><br \/>\nPor causas que se investigan, dicho conductor habr\u00eda perdido el control del m\u00f3vil hasta caer por un barranco, saliendo eyectada la v\u00edctima desde el cami\u00f3n, para fallecer a los pocos minutos en el lugar.<br \/>\nAnte la emergencia, al sitio del suceso concurri\u00f3 personal de Bomberos para la b\u00fasqueda del conductor del cami\u00f3n hasta ser hallado, constat\u00e1ndose su lamentable deceso tras ser asistido por personal del Samu. El Fiscal de Turno dispuso de la concurrencia del Servicio M\u00e9dico Legal de San Felipe para el levantamiento del cuerpo para la autopsia de rigor.<br \/>\nDavid Arellano Saavedra era motoquero y registraba domicilio en la comuna de Llay Llay, quien fue despedido por sus familiares y amigos este fin de semana, registr\u00e1ndose diversas muestras de cari\u00f1o y condolencias a trav\u00e9s de las redes sociales tras conocerse su inesperada partida.<br \/>\n<strong>Pablo Salinas Sald\u00edas<\/strong><\/p>\n<figure id=\"attachment_88896\" aria-describedby=\"caption-attachment-88896\" style=\"width: 580px\" class=\"wp-caption alignnone\"><img data-recalc-dims=\"1\" loading=\"lazy\" decoding=\"async\" class=\"size-full wp-image-88896\" src=\"https:\/\/i0.wp.com\/www.eltrabajo.cl\/2017\/wp-content\/uploads\/2018\/10\/CAMIONERO-FALLECIDO.jpg?resize=580%2C439\" alt=\"David Marcelo Arellano Saavedra lamentablemente falleci\u00f3 a la edad de 39 a\u00f1os.\" width=\"580\" height=\"439\" srcset=\"https:\/\/i0.wp.com\/www.eltrabajo.cl\/2017\/wp-content\/uploads\/2018\/10\/CAMIONERO-FALLECIDO.jpg?w=580&amp;ssl=1 580w, https:\/\/i0.wp.com\/www.eltrabajo.cl\/2017\/wp-content\/uploads\/2018\/10\/CAMIONERO-FALLECIDO.jpg?resize=300%2C227&amp;ssl=1 300w, https:\/\/i0.wp.com\/www.eltrabajo.cl\/2017\/wp-content\/uploads\/2018\/10\/CAMIONERO-FALLECIDO.jpg?resize=150%2C114&amp;ssl=1 150w\" sizes=\"auto, (max-width: 580px) 100vw, 580px\" \/><figcaption id=\"caption-attachment-88896\" class=\"wp-caption-text\">David Marcelo Arellano Saavedra lamentablemente falleci\u00f3 a la edad de 39 a\u00f1os.<\/figcaption><\/figure>\n","protected":false},"excerpt":{"rendered":"<div class=\"mh-excerpt\"><p>Fatal accidente afect\u00f3 a conductor de 39 a\u00f1os: Bomberos efectu\u00f3 las labores para el rescate del conductor en el sector Seco Alto de Catemu, sin <a class=\"mh-excerpt-more\" href=\"https:\/\/www.eltrabajo.cl\/2017\/muere-camionero-al-desbarrancar-desde-mas-de-150-metros-en-catemu\/\" title=\"Muere camionero al desbarrancar desde m\u00e1s de 150 metros en Catemu\">[&#8230;]<\/a><\/p>\n<\/div>","protected":false},"author":1,"featured_media":88895,"comment_status":"open","ping_status":"open","sticky":false,"template":"","format":"standard","meta":{"_jetpack_newsletter_access":"","_jetpack_dont_email_post_to_subs":false,"_jetpack_newsletter_tier_id":0,"_jetpack_memberships_contains_paywalled_content":false,"_jetpack_memberships_contains_paid_content":false,"footnotes":""},"categories":[2],"tags":[],"class_list":["post-88894","post","type-post","status-publish","format-standard","has-post-thumbnail","hentry","category-policial"],"nelio_content":{"autoShareEndMode":"never","automationSources":{"useCustomSentences":false,"customSentences":[]},"efiAlt":"","efiUrl":"","followers":[],"highlights":[],"isAutoShareEnabled":true,"networkImageIds":[],"permalinkQueryArgs":[],"series":[],"suggestedReferences":[]},"jetpack_featured_media_url":"https:\/\/i0.wp.com\/www.eltrabajo.cl\/2017\/wp-content\/uploads\/2018\/10\/CAMION-CATEMU.jpg?fit=580%2C348&ssl=1","jetpack_sharing_enabled":true,"_links":{"self":[{"href":"https:\/\/www.eltrabajo.cl\/2017\/wp-json\/wp\/v2\/posts\/88894","targetHints":{"allow":["GET"]}}],"collection":[{"href":"https:\/\/www.eltrabajo.cl\/2017\/wp-json\/wp\/v2\/posts"}],"about":[{"href":"https:\/\/www.eltrabajo.cl\/2017\/wp-json\/wp\/v2\/types\/post"}],"author":[{"embeddable":true,"href":"https:\/\/www.eltrabajo.cl\/2017\/wp-json\/wp\/v2\/users\/1"}],"replies":[{"embeddable":true,"href":"https:\/\/www.eltrabajo.cl\/2017\/wp-json\/wp\/v2\/comments?post=88894"}],"version-history":[{"count":1,"href":"https:\/\/www.eltrabajo.cl\/2017\/wp-json\/wp\/v2\/posts\/88894\/revisions"}],"predecessor-version":[{"id":88897,"href":"https:\/\/www.eltrabajo.cl\/2017\/wp-json\/wp\/v2\/posts\/88894\/revisions\/88897"}],"wp:featuredmedia":[{"embeddable":true,"href":"https:\/\/www.eltrabajo.cl\/2017\/wp-json\/wp\/v2\/media\/88895"}],"wp:attachment":[{"href":"https:\/\/www.eltrabajo.cl\/2017\/wp-json\/wp\/v2\/media?parent=88894"}],"wp:term":[{"taxonomy":"category","embeddable":true,"href":"https:\/\/www.eltrabajo.cl\/2017\/wp-json\/wp\/v2\/categories?post=88894"},{"taxonomy":"post_tag","embeddable":true,"href":"https:\/\/www.eltrabajo.cl\/2017\/wp-json\/wp\/v2\/tags?post=88894"}],"curies":[{"name":"wp","href":"https:\/\/api.w.org\/{rel}","templated":true}]}}