{"id":88898,"date":"2018-10-30T07:38:30","date_gmt":"2018-10-30T11:38:30","guid":{"rendered":"http:\/\/www.eltrabajo.cl\/2017\/?p=88898"},"modified":"2018-10-30T07:38:30","modified_gmt":"2018-10-30T11:38:30","slug":"a-punta-de-pistolas-cuatro-sujetos-intentan-asaltar-copec-de-av-santa-teresa","status":"publish","type":"post","link":"https:\/\/www.eltrabajo.cl\/2017\/a-punta-de-pistolas-cuatro-sujetos-intentan-asaltar-copec-de-av-santa-teresa\/","title":{"rendered":"A punta de pistolas cuatro sujetos intentan asaltar Copec de Av. Santa Teresa"},"content":{"rendered":"<figure id=\"attachment_88899\" aria-describedby=\"caption-attachment-88899\" style=\"width: 580px\" class=\"wp-caption alignnone\"><img data-recalc-dims=\"1\" loading=\"lazy\" decoding=\"async\" class=\"size-full wp-image-88899\" src=\"https:\/\/i0.wp.com\/www.eltrabajo.cl\/2017\/wp-content\/uploads\/2018\/10\/asalto-copec-2.jpg?resize=580%2C358\" alt=\"Personal de Carabineros en el sitio del suceso adopt\u00f3 el procedimiento inicialmente, luego que un funcionario de la SIP lograra frustrar el asalto.\" width=\"580\" height=\"358\" srcset=\"https:\/\/i0.wp.com\/www.eltrabajo.cl\/2017\/wp-content\/uploads\/2018\/10\/asalto-copec-2.jpg?w=580&amp;ssl=1 580w, https:\/\/i0.wp.com\/www.eltrabajo.cl\/2017\/wp-content\/uploads\/2018\/10\/asalto-copec-2.jpg?resize=300%2C185&amp;ssl=1 300w, https:\/\/i0.wp.com\/www.eltrabajo.cl\/2017\/wp-content\/uploads\/2018\/10\/asalto-copec-2.jpg?resize=150%2C93&amp;ssl=1 150w\" sizes=\"auto, (max-width: 580px) 100vw, 580px\" \/><figcaption id=\"caption-attachment-88899\" class=\"wp-caption-text\">Personal de Carabineros en el sitio del suceso adopt\u00f3 el procedimiento inicialmente, luego que un funcionario de la SIP lograra frustrar el asalto.<\/figcaption><\/figure>\n<ul>\n<li><span style=\"color: #000000;\"><strong>Funcionario de la SIP que patrullaba por el lugar se enfrent\u00f3 a los antisociales, hiriendo a uno de ellos, mientras otros dos escaparon.<\/strong><\/span><\/li>\n<\/ul>\n<p><strong>LOS ANDES<\/strong>.- Cuatro delincuentes armados intentaron asaltar una estaci\u00f3n de combustibles Copec ubicada en el sector c\u00e9ntrico de Los Andes, causando bastante conmoci\u00f3n luego que el delito fuera frustrado por personal de la SIP de Carabineros que hizo uso de su arma de servicio y logr\u00f3 herir a uno de los delincuentes.<br \/>\nEl hecho se registr\u00f3 la ma\u00f1ana de ayer a eso de las 11,40 horas en Av. Santa Teresa con Esmeralda, hasta donde los sujetos llegaron a bordo de un autom\u00f3vil Subaru Impreza. En la ocasi\u00f3n dos de los sujetos bajaron del veh\u00edculo portando un arma de fuego, siendo descubiertos por un funcionario de la SIP de Carabineros que patrullaba el lugar, quien se identific\u00f3 como polic\u00eda y los conmin\u00f3 a detenerse, sin obtener respuesta, por lo que dispar\u00f3 en un gl\u00fateo a uno de los delincuente que portaba un rev\u00f3lver.<br \/>\nAl advertir la situaci\u00f3n los dem\u00e1s antisociales se dieron a la fuga en el mismo autom\u00f3vil por Los Villares en direcci\u00f3n al poniente, ingresando al sector de Condoroma en Calle Larga donde incendiaron el veh\u00edculo.<br \/>\nTanto Carabineros como la PDI montaron un amplio despliegue policial, logrando recuperar en el lugar del atraco una de las armas que portaban los antisociales, correspondiente a un rev\u00f3lver calibre 38, as\u00ed como guantes y un gorro pasamonta\u00f1as.<br \/>\nEl delincuente herido fue trasladado hasta el Hospital San Camilo de San Felipe debido a la gravedad de su lesi\u00f3n.<br \/>\nEn autom\u00f3vil usado por los delincuentes presentaba encargo por robo en la comuna de Colina y la PDI maneja informaci\u00f3n que esta banda habr\u00eda participado en otros atracos en la zona.<br \/>\nSobre este robo frustrado, el Comisario de Carabineros de Los Andes, Mayor Aleiko Alvear, corrobor\u00f3 que fue personal especializado de la SIP que se encontraba desplegado en el centro de la ciudad el que sorprendi\u00f3 de manera flagrante a un grupo de individuos que intentaban asaltar el servicentro Copec.<br \/>\n\u201cAnte esta situaci\u00f3n, el personal de la SIP, al ver que uno de estos sujetos se encontraba armado, hizo uso de su arma de fuego tras intimar a este sujeto que se detuviera, logrando lesionar a uno de los individuos, el que queda tendido en el piso y los otros sujetos se dan a la fuga en un veh\u00edculo en direcci\u00f3n hacia Los Villares, el cual es encontrado posteriormente en la comuna de Calle Larga, en el sector de Tabolango, donde fue incendiado por completo y en cuyo interior hab\u00eda gran cantidad de miguelitos\u201d, explic\u00f3 el Mayor Alvear.<br \/>\nAgreg\u00f3 que se est\u00e1 trabajando en conjunto con la Polic\u00eda de Investigaciones para poder dar con el paradero de los otros antisociales.<br \/>\nAclar\u00f3 que los antisociales no alcanzaron a hacer uso de su arma de fuego y el funcionario de la SIP dispar\u00f3 ante la negativa de los antisociales a detenerse.<br \/>\nEl Mayor dijo que los antisociales al parecer esperaban la salida de las personas que transportar\u00edan la recaudaci\u00f3n del fin de semana hasta el banco.<br \/>\nTodo el intento de robo habr\u00eda quedado registrado en las c\u00e1maras de seguridad en la estaci\u00f3n de servicio y se confirm\u00f3 que el delincuente herido tiene un amplio prontuario delictual.<br \/>\nPor su parte, el Subcomisario de la Brigada de Robos de la PDI de Los Andes, Humberto Cort\u00e9s, afirm\u00f3 que se llev\u00f3 adelante un amplio dispositivo en las rutas de salida de la provincia de Los Andes, logrando ubicar el auto en que huyeron los asaltantes en el sector de Condoroma.<br \/>\nEl Subcomisario Cort\u00e9s manifest\u00f3 que los antisociales quemaron el auto para borrar cualquier tipo de evidencia, no obstante que por instrucciones del fiscal de turno, Jorge Alfaro, dispuso que todas las diligencias quedaran a cargo de la PDI, raz\u00f3n por la cual se orden\u00f3 la concurrencia de peritos del Laboratorio de Criminal\u00edstica a los sitios del suceso, tanto el servicentro como el lugar donde fue abandonado el auto.<br \/>\nComent\u00f3 que por lo que se pudo apreciar en las c\u00e1maras de seguridad, los asaltantes ser\u00edan cuatro, el herido y otros tres que se dieron a la fuga en el auto.<br \/>\nPuntualiz\u00f3 que se est\u00e1n revisando las c\u00e1maras de seguridad en distintos puntos de la zona para establecer si los sujetos manten\u00edan un segundo veh\u00edculo para poder escapar.<br \/>\nAdelant\u00f3 que todos usaban guantes y gorros pasamonta\u00f1as, no obstante que el delincuente herido ser\u00eda de la zona.<br \/>\nEl Subcomisario Cort\u00e9s dijo que el arma recuperada ser\u00e1 sometida a pericias para establecer su procedencia y si eventualmente fue usada en alg\u00fan otro il\u00edcito.<\/p>\n<figure id=\"attachment_88901\" aria-describedby=\"caption-attachment-88901\" style=\"width: 580px\" class=\"wp-caption alignnone\"><img data-recalc-dims=\"1\" loading=\"lazy\" decoding=\"async\" class=\"size-full wp-image-88901\" src=\"https:\/\/i0.wp.com\/www.eltrabajo.cl\/2017\/wp-content\/uploads\/2018\/10\/asalto-copec-4.jpg?resize=580%2C359\" alt=\"Los antisociales se dieron a la fuga en el mismo autom\u00f3vil por Los Villares, ingresando al sector de Condoroma en Calle Larga, donde incendiaron el veh\u00edculo.\" width=\"580\" height=\"359\" srcset=\"https:\/\/i0.wp.com\/www.eltrabajo.cl\/2017\/wp-content\/uploads\/2018\/10\/asalto-copec-4.jpg?w=580&amp;ssl=1 580w, https:\/\/i0.wp.com\/www.eltrabajo.cl\/2017\/wp-content\/uploads\/2018\/10\/asalto-copec-4.jpg?resize=300%2C186&amp;ssl=1 300w, https:\/\/i0.wp.com\/www.eltrabajo.cl\/2017\/wp-content\/uploads\/2018\/10\/asalto-copec-4.jpg?resize=150%2C93&amp;ssl=1 150w\" sizes=\"auto, (max-width: 580px) 100vw, 580px\" \/><figcaption id=\"caption-attachment-88901\" class=\"wp-caption-text\">Los antisociales se dieron a la fuga en el mismo autom\u00f3vil por Los Villares, ingresando al sector de Condoroma en Calle Larga, donde incendiaron el veh\u00edculo.<\/figcaption><\/figure>\n<figure id=\"attachment_88900\" aria-describedby=\"caption-attachment-88900\" style=\"width: 580px\" class=\"wp-caption alignnone\"><img data-recalc-dims=\"1\" loading=\"lazy\" decoding=\"async\" class=\"size-full wp-image-88900\" src=\"https:\/\/i0.wp.com\/www.eltrabajo.cl\/2017\/wp-content\/uploads\/2018\/10\/asalto-copec-3.jpg?resize=580%2C359\" alt=\"En el lugar del atraco qued\u00f3 una de las armas que portaban los antisociales, correspondiente a un rev\u00f3lver calibre 38.\" width=\"580\" height=\"359\" srcset=\"https:\/\/i0.wp.com\/www.eltrabajo.cl\/2017\/wp-content\/uploads\/2018\/10\/asalto-copec-3.jpg?w=580&amp;ssl=1 580w, https:\/\/i0.wp.com\/www.eltrabajo.cl\/2017\/wp-content\/uploads\/2018\/10\/asalto-copec-3.jpg?resize=300%2C186&amp;ssl=1 300w, https:\/\/i0.wp.com\/www.eltrabajo.cl\/2017\/wp-content\/uploads\/2018\/10\/asalto-copec-3.jpg?resize=150%2C93&amp;ssl=1 150w\" sizes=\"auto, (max-width: 580px) 100vw, 580px\" \/><figcaption id=\"caption-attachment-88900\" class=\"wp-caption-text\">En el lugar del atraco qued\u00f3 una de las armas que portaban los antisociales, correspondiente a un rev\u00f3lver calibre 38.<\/figcaption><\/figure>\n","protected":false},"excerpt":{"rendered":"<div class=\"mh-excerpt\"><p>Funcionario de la SIP que patrullaba por el lugar se enfrent\u00f3 a los antisociales, hiriendo a uno de ellos, mientras otros dos escaparon. LOS ANDES.- <a class=\"mh-excerpt-more\" href=\"https:\/\/www.eltrabajo.cl\/2017\/a-punta-de-pistolas-cuatro-sujetos-intentan-asaltar-copec-de-av-santa-teresa\/\" title=\"A punta de pistolas cuatro sujetos intentan asaltar Copec de Av. Santa Teresa\">[&#8230;]<\/a><\/p>\n<\/div>","protected":false},"author":1,"featured_media":88899,"comment_status":"open","ping_status":"open","sticky":false,"template":"","format":"standard","meta":{"_jetpack_newsletter_access":"","_jetpack_dont_email_post_to_subs":false,"_jetpack_newsletter_tier_id":0,"_jetpack_memberships_contains_paywalled_content":false,"_jetpack_memberships_contains_paid_content":false,"footnotes":""},"categories":[2],"tags":[],"class_list":["post-88898","post","type-post","status-publish","format-standard","has-post-thumbnail","hentry","category-policial"],"nelio_content":{"autoShareEndMode":"never","automationSources":{"useCustomSentences":false,"customSentences":[]},"efiAlt":"","efiUrl":"","followers":[],"highlights":[],"isAutoShareEnabled":true,"networkImageIds":[],"permalinkQueryArgs":[],"series":[],"suggestedReferences":[]},"jetpack_featured_media_url":"https:\/\/i0.wp.com\/www.eltrabajo.cl\/2017\/wp-content\/uploads\/2018\/10\/asalto-copec-2.jpg?fit=580%2C358&ssl=1","jetpack_sharing_enabled":true,"_links":{"self":[{"href":"https:\/\/www.eltrabajo.cl\/2017\/wp-json\/wp\/v2\/posts\/88898","targetHints":{"allow":["GET"]}}],"collection":[{"href":"https:\/\/www.eltrabajo.cl\/2017\/wp-json\/wp\/v2\/posts"}],"about":[{"href":"https:\/\/www.eltrabajo.cl\/2017\/wp-json\/wp\/v2\/types\/post"}],"author":[{"embeddable":true,"href":"https:\/\/www.eltrabajo.cl\/2017\/wp-json\/wp\/v2\/users\/1"}],"replies":[{"embeddable":true,"href":"https:\/\/www.eltrabajo.cl\/2017\/wp-json\/wp\/v2\/comments?post=88898"}],"version-history":[{"count":1,"href":"https:\/\/www.eltrabajo.cl\/2017\/wp-json\/wp\/v2\/posts\/88898\/revisions"}],"predecessor-version":[{"id":88902,"href":"https:\/\/www.eltrabajo.cl\/2017\/wp-json\/wp\/v2\/posts\/88898\/revisions\/88902"}],"wp:featuredmedia":[{"embeddable":true,"href":"https:\/\/www.eltrabajo.cl\/2017\/wp-json\/wp\/v2\/media\/88899"}],"wp:attachment":[{"href":"https:\/\/www.eltrabajo.cl\/2017\/wp-json\/wp\/v2\/media?parent=88898"}],"wp:term":[{"taxonomy":"category","embeddable":true,"href":"https:\/\/www.eltrabajo.cl\/2017\/wp-json\/wp\/v2\/categories?post=88898"},{"taxonomy":"post_tag","embeddable":true,"href":"https:\/\/www.eltrabajo.cl\/2017\/wp-json\/wp\/v2\/tags?post=88898"}],"curies":[{"name":"wp","href":"https:\/\/api.w.org\/{rel}","templated":true}]}}