{"id":88910,"date":"2018-10-30T07:44:59","date_gmt":"2018-10-30T11:44:59","guid":{"rendered":"http:\/\/www.eltrabajo.cl\/2017\/?p=88910"},"modified":"2018-10-30T07:44:59","modified_gmt":"2018-10-30T11:44:59","slug":"fuego-calcino-por-completo-centrico-local-de-abarrotes-en-llay-llay","status":"publish","type":"post","link":"https:\/\/www.eltrabajo.cl\/2017\/fuego-calcino-por-completo-centrico-local-de-abarrotes-en-llay-llay\/","title":{"rendered":"Fuego calcin\u00f3 por completo c\u00e9ntrico local de abarrotes en Llay Llay"},"content":{"rendered":"<figure id=\"attachment_88911\" aria-describedby=\"caption-attachment-88911\" style=\"width: 580px\" class=\"wp-caption alignnone\"><img data-recalc-dims=\"1\" loading=\"lazy\" decoding=\"async\" class=\"size-full wp-image-88911\" src=\"https:\/\/i0.wp.com\/www.eltrabajo.cl\/2017\/wp-content\/uploads\/2018\/10\/INCENDIO-LOCAL-LLAY-LLAY-2.jpg?resize=580%2C360\" alt=\"La carnicer\u00eda colindante result\u00f3 con da\u00f1os estructurales producto de la acci\u00f3n del agua y la alta temperatura.\" width=\"580\" height=\"360\" srcset=\"https:\/\/i0.wp.com\/www.eltrabajo.cl\/2017\/wp-content\/uploads\/2018\/10\/INCENDIO-LOCAL-LLAY-LLAY-2.jpg?w=580&amp;ssl=1 580w, https:\/\/i0.wp.com\/www.eltrabajo.cl\/2017\/wp-content\/uploads\/2018\/10\/INCENDIO-LOCAL-LLAY-LLAY-2.jpg?resize=300%2C186&amp;ssl=1 300w, https:\/\/i0.wp.com\/www.eltrabajo.cl\/2017\/wp-content\/uploads\/2018\/10\/INCENDIO-LOCAL-LLAY-LLAY-2.jpg?resize=150%2C93&amp;ssl=1 150w\" sizes=\"auto, (max-width: 580px) 100vw, 580px\" \/><figcaption id=\"caption-attachment-88911\" class=\"wp-caption-text\">La carnicer\u00eda colindante result\u00f3 con da\u00f1os estructurales producto de la acci\u00f3n del agua y la alta temperatura.<\/figcaption><\/figure>\n<p><span style=\"color: #ff0000;\"><strong>Otros dos locales colindantes afectados por el agua<\/strong><\/span><\/p>\n<ul>\n<li><strong>Labores de Bomberos se extendieron por cerca de cuatro horas de ayer lunes en la avenida Balmaceda N\u00ba 603 de esa comuna. El Departamento T\u00e9cnico de la instituci\u00f3n indaga sobre el origen de las llamas.<\/strong><\/li>\n<\/ul>\n<p>Con p\u00e9rdida total result\u00f3 el local de abarrotes \u2018La Distribuidora\u2019 tras declararse un incendio de gran magnitud pasadas las 06:00 de la ma\u00f1ana de ayer lunes en la avenida Balmaceda N\u00ba 603 en Llay Llay, afectando otros dos locales por la acci\u00f3n del agua y la temperatura.<br \/>\nSeg\u00fan inform\u00f3 a Diario El Trabajo el Teniente de Bomberos de la Primera Compa\u00f1\u00eda de Llay Llay, Luis Fuenzalida, el fuego se declar\u00f3 alrededor de las 06:05 horas, constituy\u00e9ndose un total de 25 voluntarios que debieron trabajar arduamente durante cuatro horas para lograr reducir las llamas que amenazaban con expandirse hacia la Carnicer\u00eda \u2018El Chico Dany\u2019 y un local de juegos de azar \u2018Polla Gol\u2019 colindantes.<br \/>\n\u201cTras informarse de cuatro locales afectados, finalmente uno de ellos ten\u00eda la concentraci\u00f3n de carga encendida, los otros tres locales tuvieron da\u00f1o por el humo, la temperatura y por el agua. Trabajaron las dos unidades del Cuerpo de Bomberos de Llay Llay aproximadamente cuatro horas para poder controlar el siniestro. Durante la ma\u00f1ana se estaba haciendo la investigaci\u00f3n del origen del incendio por personal t\u00e9cnico del Cuerpo de Bomberos de Llay Llay. Hubo p\u00e9rdida total porque como era un minimarket, la carga de combustible en muy amplia, nos cost\u00f3 controlar el siniestro\u201d, precis\u00f3 el oficial de Bomberos.<br \/>\nHasta el momento se desconocen las causas del origen del fuego, quedando en plena etapa de investigaci\u00f3n por parte de la instituci\u00f3n. Asimismo no se registraron personas ni voluntarios de Bomberos lesionados producto de este siniestro.<br \/>\n<strong>Pablo Salinas Sald\u00edas<\/strong><\/p>\n<figure id=\"attachment_88912\" aria-describedby=\"caption-attachment-88912\" style=\"width: 580px\" class=\"wp-caption alignnone\"><img data-recalc-dims=\"1\" loading=\"lazy\" decoding=\"async\" class=\"size-full wp-image-88912\" src=\"https:\/\/i0.wp.com\/www.eltrabajo.cl\/2017\/wp-content\/uploads\/2018\/10\/INCENDIO-LOCAL-LLAY-LLAY.jpg?resize=580%2C360\" alt=\"El fuego afect\u00f3 al local de abarrotes \u2018La Distribuidora\u2019 ubicado en avenida Balmaceda de la comuna de Llay Llay, cuyas p\u00e9rdidas son totales.\" width=\"580\" height=\"360\" srcset=\"https:\/\/i0.wp.com\/www.eltrabajo.cl\/2017\/wp-content\/uploads\/2018\/10\/INCENDIO-LOCAL-LLAY-LLAY.jpg?w=580&amp;ssl=1 580w, https:\/\/i0.wp.com\/www.eltrabajo.cl\/2017\/wp-content\/uploads\/2018\/10\/INCENDIO-LOCAL-LLAY-LLAY.jpg?resize=300%2C186&amp;ssl=1 300w, https:\/\/i0.wp.com\/www.eltrabajo.cl\/2017\/wp-content\/uploads\/2018\/10\/INCENDIO-LOCAL-LLAY-LLAY.jpg?resize=150%2C93&amp;ssl=1 150w\" sizes=\"auto, (max-width: 580px) 100vw, 580px\" \/><figcaption id=\"caption-attachment-88912\" class=\"wp-caption-text\">El fuego afect\u00f3 al local de abarrotes \u2018La Distribuidora\u2019 ubicado en avenida Balmaceda de la comuna de Llay Llay, cuyas p\u00e9rdidas son totales.<\/figcaption><\/figure>\n","protected":false},"excerpt":{"rendered":"<div class=\"mh-excerpt\"><p>Otros dos locales colindantes afectados por el agua Labores de Bomberos se extendieron por cerca de cuatro horas de ayer lunes en la avenida Balmaceda <a class=\"mh-excerpt-more\" href=\"https:\/\/www.eltrabajo.cl\/2017\/fuego-calcino-por-completo-centrico-local-de-abarrotes-en-llay-llay\/\" title=\"Fuego calcin\u00f3 por completo c\u00e9ntrico local de abarrotes en Llay Llay\">[&#8230;]<\/a><\/p>\n<\/div>","protected":false},"author":1,"featured_media":88912,"comment_status":"open","ping_status":"open","sticky":false,"template":"","format":"standard","meta":{"_jetpack_newsletter_access":"","_jetpack_dont_email_post_to_subs":false,"_jetpack_newsletter_tier_id":0,"_jetpack_memberships_contains_paywalled_content":false,"_jetpack_memberships_contains_paid_content":false,"footnotes":""},"categories":[2],"tags":[],"class_list":["post-88910","post","type-post","status-publish","format-standard","has-post-thumbnail","hentry","category-policial"],"nelio_content":{"autoShareEndMode":"never","automationSources":{"useCustomSentences":false,"customSentences":[]},"efiAlt":"","efiUrl":"","followers":[],"highlights":[],"isAutoShareEnabled":true,"networkImageIds":[],"permalinkQueryArgs":[],"series":[],"suggestedReferences":[]},"jetpack_featured_media_url":"https:\/\/i0.wp.com\/www.eltrabajo.cl\/2017\/wp-content\/uploads\/2018\/10\/INCENDIO-LOCAL-LLAY-LLAY.jpg?fit=580%2C360&ssl=1","jetpack_sharing_enabled":true,"_links":{"self":[{"href":"https:\/\/www.eltrabajo.cl\/2017\/wp-json\/wp\/v2\/posts\/88910","targetHints":{"allow":["GET"]}}],"collection":[{"href":"https:\/\/www.eltrabajo.cl\/2017\/wp-json\/wp\/v2\/posts"}],"about":[{"href":"https:\/\/www.eltrabajo.cl\/2017\/wp-json\/wp\/v2\/types\/post"}],"author":[{"embeddable":true,"href":"https:\/\/www.eltrabajo.cl\/2017\/wp-json\/wp\/v2\/users\/1"}],"replies":[{"embeddable":true,"href":"https:\/\/www.eltrabajo.cl\/2017\/wp-json\/wp\/v2\/comments?post=88910"}],"version-history":[{"count":1,"href":"https:\/\/www.eltrabajo.cl\/2017\/wp-json\/wp\/v2\/posts\/88910\/revisions"}],"predecessor-version":[{"id":88913,"href":"https:\/\/www.eltrabajo.cl\/2017\/wp-json\/wp\/v2\/posts\/88910\/revisions\/88913"}],"wp:featuredmedia":[{"embeddable":true,"href":"https:\/\/www.eltrabajo.cl\/2017\/wp-json\/wp\/v2\/media\/88912"}],"wp:attachment":[{"href":"https:\/\/www.eltrabajo.cl\/2017\/wp-json\/wp\/v2\/media?parent=88910"}],"wp:term":[{"taxonomy":"category","embeddable":true,"href":"https:\/\/www.eltrabajo.cl\/2017\/wp-json\/wp\/v2\/categories?post=88910"},{"taxonomy":"post_tag","embeddable":true,"href":"https:\/\/www.eltrabajo.cl\/2017\/wp-json\/wp\/v2\/tags?post=88910"}],"curies":[{"name":"wp","href":"https:\/\/api.w.org\/{rel}","templated":true}]}}