{"id":88920,"date":"2018-10-30T07:53:00","date_gmt":"2018-10-30T11:53:00","guid":{"rendered":"http:\/\/www.eltrabajo.cl\/2017\/?p=88920"},"modified":"2018-10-30T07:53:00","modified_gmt":"2018-10-30T11:53:00","slug":"joven-mujer-grave-tras-choque-de-auto-con-poste-del-tendido-electrico","status":"publish","type":"post","link":"https:\/\/www.eltrabajo.cl\/2017\/joven-mujer-grave-tras-choque-de-auto-con-poste-del-tendido-electrico\/","title":{"rendered":"Joven mujer grave tras choque de auto con poste del tendido el\u00e9ctrico"},"content":{"rendered":"<figure id=\"attachment_88921\" aria-describedby=\"caption-attachment-88921\" style=\"width: 580px\" class=\"wp-caption alignnone\"><img data-recalc-dims=\"1\" loading=\"lazy\" decoding=\"async\" class=\"size-full wp-image-88921\" src=\"https:\/\/i0.wp.com\/www.eltrabajo.cl\/2017\/wp-content\/uploads\/2018\/10\/ACCIDENTE-CASAS-CHICAS.jpg?resize=580%2C359\" alt=\"El accidente ocurri\u00f3 la tarde de este domingo en la ruta del sector Casas Chicas de Quilpu\u00e9 en San Felipe.\" width=\"580\" height=\"359\" srcset=\"https:\/\/i0.wp.com\/www.eltrabajo.cl\/2017\/wp-content\/uploads\/2018\/10\/ACCIDENTE-CASAS-CHICAS.jpg?w=580&amp;ssl=1 580w, https:\/\/i0.wp.com\/www.eltrabajo.cl\/2017\/wp-content\/uploads\/2018\/10\/ACCIDENTE-CASAS-CHICAS.jpg?resize=300%2C186&amp;ssl=1 300w, https:\/\/i0.wp.com\/www.eltrabajo.cl\/2017\/wp-content\/uploads\/2018\/10\/ACCIDENTE-CASAS-CHICAS.jpg?resize=150%2C93&amp;ssl=1 150w\" sizes=\"auto, (max-width: 580px) 100vw, 580px\" \/><figcaption id=\"caption-attachment-88921\" class=\"wp-caption-text\">El accidente ocurri\u00f3 la tarde de este domingo en la ruta del sector Casas Chicas de Quilpu\u00e9 en San Felipe.<\/figcaption><\/figure>\n<p><span style=\"color: #ff0000;\"><strong>Corr\u00eda riesgo de amputaci\u00f3n de su brazo derecho:<\/strong><\/span><\/p>\n<ul>\n<li><strong>V\u00edctima de 22 a\u00f1os sufri\u00f3 fractura en su brazo cuando viajaba junto a otra mujer y una menor de edad, en autom\u00f3vil conducido por un sujeto bajo los efectos del alcohol, quien fue detenido por Carabineros.<\/strong><\/li>\n<\/ul>\n<p>Estable dentro de su gravedad se encuentra internada en la Unidad de Cuidados Intensivos del Hospital San Camilo de San Felipe, una joven de 22 a\u00f1os de edad que sufri\u00f3 un accidente de tr\u00e1nsito luego que el veh\u00edculo en el que viajaba choc\u00f3 violentamente contra un poste de alumbrado p\u00fablico en el sector Casas Chicas de Quilpu\u00e9.<br \/>\nEl accidente se origin\u00f3 alrededor de las 19:35 horas de este domingo. Seg\u00fan inform\u00f3 Carabineros, el conductor del autom\u00f3vil placa patente BC PW \u2013 21 identificado como Cristian Eduardo Silva Canto, circular\u00eda bajo los efectos del alcohol, acompa\u00f1ado de dos mujeres adultas y una menor de edad.<br \/>\nSeg\u00fan los antecedentes preliminares del accidente, el conductor del m\u00f3vil, al enfrentar una curva en direcci\u00f3n al poniente, habr\u00eda perdido el control del veh\u00edculo estrell\u00e1ndose contra el poste instalado a un costado de la ruta, provocando una fractura de h\u00famero de su brazo derecho a la joven identificada como Mar\u00eda Isabel P\u00e9rez D\u00edaz.<br \/>\nEn el lugar se constituy\u00f3 personal de Carabineros, Bomberos y el Samu, este \u00faltimo asisti\u00f3 a los lesionados trasladando a la v\u00edctima m\u00e1s grave hasta el servicio de urgencias del Hospital San Camilo de San Felipe, con riesgo de amputaci\u00f3n de su brazo derecho.<br \/>\nEn tanto Carabineros asever\u00f3 que el conductor del veh\u00edculo circular\u00eda bajo los efectos del alcohol, dando cuenta de los hechos al Fiscal de turno que instruy\u00f3 la presencia de los peritos de la Subcomisar\u00eda Investigadora de Accidentes de Tr\u00e1nsito (Siat) de San Felipe de la polic\u00eda uniformada, para la indagaci\u00f3n de las causas basales del accidente.<br \/>\nEn horas de la ma\u00f1ana de ayer lunes, el conductor del autom\u00f3vil, tras ser detenido por Carabineros, fue derivado hasta el Juzgado de Garant\u00eda de San Felipe para ser formalizado por la Fiscal\u00eda.<br \/>\nAl t\u00e9rmino de la audiencia el imputado qued\u00f3 en libertad bajo las cautelares de firma mensual en Carabineros y la prohibici\u00f3n de salir del pa\u00eds mientras dure la investigaci\u00f3n.<br \/>\n<strong>Pablo Salinas Sald\u00edas<\/strong><\/p>\n","protected":false},"excerpt":{"rendered":"<div class=\"mh-excerpt\"><p>Corr\u00eda riesgo de amputaci\u00f3n de su brazo derecho: V\u00edctima de 22 a\u00f1os sufri\u00f3 fractura en su brazo cuando viajaba junto a otra mujer y una <a class=\"mh-excerpt-more\" href=\"https:\/\/www.eltrabajo.cl\/2017\/joven-mujer-grave-tras-choque-de-auto-con-poste-del-tendido-electrico\/\" title=\"Joven mujer grave tras choque de auto con poste del tendido el\u00e9ctrico\">[&#8230;]<\/a><\/p>\n<\/div>","protected":false},"author":1,"featured_media":88921,"comment_status":"open","ping_status":"open","sticky":false,"template":"","format":"standard","meta":{"_jetpack_newsletter_access":"","_jetpack_dont_email_post_to_subs":false,"_jetpack_newsletter_tier_id":0,"_jetpack_memberships_contains_paywalled_content":false,"_jetpack_memberships_contains_paid_content":false,"footnotes":""},"categories":[2],"tags":[],"class_list":["post-88920","post","type-post","status-publish","format-standard","has-post-thumbnail","hentry","category-policial"],"nelio_content":{"autoShareEndMode":"never","automationSources":{"useCustomSentences":false,"customSentences":[]},"efiAlt":"","efiUrl":"","followers":[],"highlights":[],"isAutoShareEnabled":true,"networkImageIds":[],"permalinkQueryArgs":[],"series":[],"suggestedReferences":[]},"jetpack_featured_media_url":"https:\/\/i0.wp.com\/www.eltrabajo.cl\/2017\/wp-content\/uploads\/2018\/10\/ACCIDENTE-CASAS-CHICAS.jpg?fit=580%2C359&ssl=1","jetpack_sharing_enabled":true,"_links":{"self":[{"href":"https:\/\/www.eltrabajo.cl\/2017\/wp-json\/wp\/v2\/posts\/88920","targetHints":{"allow":["GET"]}}],"collection":[{"href":"https:\/\/www.eltrabajo.cl\/2017\/wp-json\/wp\/v2\/posts"}],"about":[{"href":"https:\/\/www.eltrabajo.cl\/2017\/wp-json\/wp\/v2\/types\/post"}],"author":[{"embeddable":true,"href":"https:\/\/www.eltrabajo.cl\/2017\/wp-json\/wp\/v2\/users\/1"}],"replies":[{"embeddable":true,"href":"https:\/\/www.eltrabajo.cl\/2017\/wp-json\/wp\/v2\/comments?post=88920"}],"version-history":[{"count":1,"href":"https:\/\/www.eltrabajo.cl\/2017\/wp-json\/wp\/v2\/posts\/88920\/revisions"}],"predecessor-version":[{"id":88922,"href":"https:\/\/www.eltrabajo.cl\/2017\/wp-json\/wp\/v2\/posts\/88920\/revisions\/88922"}],"wp:featuredmedia":[{"embeddable":true,"href":"https:\/\/www.eltrabajo.cl\/2017\/wp-json\/wp\/v2\/media\/88921"}],"wp:attachment":[{"href":"https:\/\/www.eltrabajo.cl\/2017\/wp-json\/wp\/v2\/media?parent=88920"}],"wp:term":[{"taxonomy":"category","embeddable":true,"href":"https:\/\/www.eltrabajo.cl\/2017\/wp-json\/wp\/v2\/categories?post=88920"},{"taxonomy":"post_tag","embeddable":true,"href":"https:\/\/www.eltrabajo.cl\/2017\/wp-json\/wp\/v2\/tags?post=88920"}],"curies":[{"name":"wp","href":"https:\/\/api.w.org\/{rel}","templated":true}]}}