{"id":88936,"date":"2018-10-31T05:02:18","date_gmt":"2018-10-31T09:02:18","guid":{"rendered":"http:\/\/www.eltrabajo.cl\/2017\/?p=88936"},"modified":"2018-10-30T20:06:39","modified_gmt":"2018-10-31T00:06:39","slug":"sentencian-al-miti-miti-a-permanecer-tres-anos-en-el-psiquiatrico","status":"publish","type":"post","link":"https:\/\/www.eltrabajo.cl\/2017\/sentencian-al-miti-miti-a-permanecer-tres-anos-en-el-psiquiatrico\/","title":{"rendered":"Sentencian al \u2018Miti Miti\u2019 a permanecer tres a\u00f1os en el Psiqui\u00e1trico"},"content":{"rendered":"<figure id=\"attachment_88937\" aria-describedby=\"caption-attachment-88937\" style=\"width: 579px\" class=\"wp-caption alignnone\"><img data-recalc-dims=\"1\" loading=\"lazy\" decoding=\"async\" class=\"size-full wp-image-88937\" src=\"https:\/\/i0.wp.com\/www.eltrabajo.cl\/2017\/wp-content\/uploads\/2018\/10\/ABUSADOR-SEXUAL-1.jpg?resize=579%2C390\" alt=\"El imputado conocido como \u2018El Miti Miti\u2019 deber\u00e1 permanecer en el Hospital Psiqui\u00e1trico de Putaendo por tres a\u00f1os, seg\u00fan la resoluci\u00f3n judicial.\" width=\"579\" height=\"390\" srcset=\"https:\/\/i0.wp.com\/www.eltrabajo.cl\/2017\/wp-content\/uploads\/2018\/10\/ABUSADOR-SEXUAL-1.jpg?w=579&amp;ssl=1 579w, https:\/\/i0.wp.com\/www.eltrabajo.cl\/2017\/wp-content\/uploads\/2018\/10\/ABUSADOR-SEXUAL-1.jpg?resize=300%2C202&amp;ssl=1 300w, https:\/\/i0.wp.com\/www.eltrabajo.cl\/2017\/wp-content\/uploads\/2018\/10\/ABUSADOR-SEXUAL-1.jpg?resize=150%2C101&amp;ssl=1 150w\" sizes=\"auto, (max-width: 579px) 100vw, 579px\" \/><figcaption id=\"caption-attachment-88937\" class=\"wp-caption-text\">El imputado conocido como \u2018El Miti Miti\u2019 deber\u00e1 permanecer en el Hospital Psiqui\u00e1trico de Putaendo por tres a\u00f1os, seg\u00fan la resoluci\u00f3n judicial.<\/figcaption><\/figure>\n<p><span style=\"color: #ff0000;\"><strong>Tras cometer diversos abusos sexuales:<\/strong><\/span><\/p>\n<ul>\n<li><strong>Fiscal\u00eda present\u00f3 en juicio oral los relatos de una menor de edad y dos mujeres adultas que habr\u00edan sido agredidas sexualmente por el imputado de 33 a\u00f1os de edad en la comuna de San Felipe.<\/strong><\/li>\n<\/ul>\n<p>A una medida de seguridad de tres a\u00f1os internado en el Hospital Psiqui\u00e1trico Dr. Philippe Pinel de Putaendo, fue sentenciado un hombre de 33 a\u00f1os de edad de iniciales C.R.D.G., apodado \u2018El Miti Miti\u2019, tras ser juzgado por abusos sexuales a una menor de edad y dos mujeres adultas en esta ciudad.<br \/>\nEl Fiscal del Ministerio P\u00fablico de San Felipe, Alejandro Bustos Ibarra, inform\u00f3 a Diario El Trabajo que el acusado es enajenado mental, por lo cual la Fiscal\u00eda persegu\u00eda que se impusiera una medida de seguridad por parte del Tribunal en resguardo de las v\u00edctimas que denunciaron los abusos sexuales.<br \/>\n\u201cFueron tres hechos de cuatro que fueron probados, lo que estaba requiriendo el Ministerio P\u00fablico es una medida de seguridad, no es una condena propiamente tal, toda vez que seg\u00fan consta en la carpeta investigativa, el imputado se encuentra enajenado mentalmente. De los cuatro hechos, tres lograron ser acreditados con la declaraci\u00f3n de las v\u00edctimas, personal policial que dieron cuenta de la din\u00e1mica de los hechos de las agresiones sexuales realizadas por el imputado. Un cuarto hecho no pudo ser acreditado porque la v\u00edctima no se present\u00f3 (al juicio) pese a haber estado notificada\u201d.<br \/>\nBustos agreg\u00f3 que en cuanto al resultado del juicio, el Tribunal estim\u00f3 que la medida de seguridad debiese tener una extensi\u00f3n por tres a\u00f1os en el Hospital Psiqui\u00e1trico de Putaendo; \u201cal momento lleva cumplido poco menos de un a\u00f1o as\u00ed que quedar\u00edan pendiente dos a\u00f1os, debiendo informar el Hospital cada seis meses respecto de la evaluaci\u00f3n del paciente\u201d.<br \/>\n<strong>Pablo Salinas Sald\u00edas<\/strong><\/p>\n","protected":false},"excerpt":{"rendered":"<div class=\"mh-excerpt\"><p>Tras cometer diversos abusos sexuales: Fiscal\u00eda present\u00f3 en juicio oral los relatos de una menor de edad y dos mujeres adultas que habr\u00edan sido agredidas <a class=\"mh-excerpt-more\" href=\"https:\/\/www.eltrabajo.cl\/2017\/sentencian-al-miti-miti-a-permanecer-tres-anos-en-el-psiquiatrico\/\" title=\"Sentencian al \u2018Miti Miti\u2019 a permanecer tres a\u00f1os en el Psiqui\u00e1trico\">[&#8230;]<\/a><\/p>\n<\/div>","protected":false},"author":1,"featured_media":88937,"comment_status":"open","ping_status":"open","sticky":false,"template":"","format":"standard","meta":{"_jetpack_newsletter_access":"","_jetpack_dont_email_post_to_subs":false,"_jetpack_newsletter_tier_id":0,"_jetpack_memberships_contains_paywalled_content":false,"_jetpack_memberships_contains_paid_content":false,"footnotes":""},"categories":[2],"tags":[],"class_list":["post-88936","post","type-post","status-publish","format-standard","has-post-thumbnail","hentry","category-policial"],"nelio_content":{"autoShareEndMode":"never","automationSources":{"useCustomSentences":false,"customSentences":[]},"efiAlt":"","efiUrl":"","followers":[],"highlights":[],"isAutoShareEnabled":true,"networkImageIds":[],"permalinkQueryArgs":[],"series":[],"suggestedReferences":[]},"jetpack_featured_media_url":"https:\/\/i0.wp.com\/www.eltrabajo.cl\/2017\/wp-content\/uploads\/2018\/10\/ABUSADOR-SEXUAL-1.jpg?fit=579%2C390&ssl=1","jetpack_sharing_enabled":true,"_links":{"self":[{"href":"https:\/\/www.eltrabajo.cl\/2017\/wp-json\/wp\/v2\/posts\/88936","targetHints":{"allow":["GET"]}}],"collection":[{"href":"https:\/\/www.eltrabajo.cl\/2017\/wp-json\/wp\/v2\/posts"}],"about":[{"href":"https:\/\/www.eltrabajo.cl\/2017\/wp-json\/wp\/v2\/types\/post"}],"author":[{"embeddable":true,"href":"https:\/\/www.eltrabajo.cl\/2017\/wp-json\/wp\/v2\/users\/1"}],"replies":[{"embeddable":true,"href":"https:\/\/www.eltrabajo.cl\/2017\/wp-json\/wp\/v2\/comments?post=88936"}],"version-history":[{"count":1,"href":"https:\/\/www.eltrabajo.cl\/2017\/wp-json\/wp\/v2\/posts\/88936\/revisions"}],"predecessor-version":[{"id":88938,"href":"https:\/\/www.eltrabajo.cl\/2017\/wp-json\/wp\/v2\/posts\/88936\/revisions\/88938"}],"wp:featuredmedia":[{"embeddable":true,"href":"https:\/\/www.eltrabajo.cl\/2017\/wp-json\/wp\/v2\/media\/88937"}],"wp:attachment":[{"href":"https:\/\/www.eltrabajo.cl\/2017\/wp-json\/wp\/v2\/media?parent=88936"}],"wp:term":[{"taxonomy":"category","embeddable":true,"href":"https:\/\/www.eltrabajo.cl\/2017\/wp-json\/wp\/v2\/categories?post=88936"},{"taxonomy":"post_tag","embeddable":true,"href":"https:\/\/www.eltrabajo.cl\/2017\/wp-json\/wp\/v2\/tags?post=88936"}],"curies":[{"name":"wp","href":"https:\/\/api.w.org\/{rel}","templated":true}]}}