{"id":88990,"date":"2018-11-06T05:07:38","date_gmt":"2018-11-06T09:07:38","guid":{"rendered":"http:\/\/www.eltrabajo.cl\/2017\/?p=88990"},"modified":"2018-11-05T20:11:57","modified_gmt":"2018-11-06T00:11:57","slug":"haitiana-de-36-anos-hallada-muerta-en-su-inmueble-en-villa-departamental","status":"publish","type":"post","link":"https:\/\/www.eltrabajo.cl\/2017\/haitiana-de-36-anos-hallada-muerta-en-su-inmueble-en-villa-departamental\/","title":{"rendered":"Haitiana de 36 a\u00f1os hallada muerta en su inmueble en Villa Departamental"},"content":{"rendered":"<figure id=\"attachment_88991\" aria-describedby=\"caption-attachment-88991\" style=\"width: 580px\" class=\"wp-caption alignnone\"><img data-recalc-dims=\"1\" loading=\"lazy\" decoding=\"async\" class=\"size-full wp-image-88991\" src=\"https:\/\/i0.wp.com\/www.eltrabajo.cl\/2017\/wp-content\/uploads\/2018\/11\/HAITIANA-FALLECIDA.jpg?resize=580%2C400\" alt=\"En horas de la ma\u00f1ana de ayer lunes el cuerpo de la ciudadana haitiana de 36 a\u00f1os de edad fue levantado por el Servicio M\u00e9dico Legal de San Felipe para la pr\u00e1ctica de la autopsia de rigor. (Foto: EmerVCordillera).\" width=\"580\" height=\"400\" srcset=\"https:\/\/i0.wp.com\/www.eltrabajo.cl\/2017\/wp-content\/uploads\/2018\/11\/HAITIANA-FALLECIDA.jpg?w=580&amp;ssl=1 580w, https:\/\/i0.wp.com\/www.eltrabajo.cl\/2017\/wp-content\/uploads\/2018\/11\/HAITIANA-FALLECIDA.jpg?resize=300%2C207&amp;ssl=1 300w, https:\/\/i0.wp.com\/www.eltrabajo.cl\/2017\/wp-content\/uploads\/2018\/11\/HAITIANA-FALLECIDA.jpg?resize=150%2C103&amp;ssl=1 150w\" sizes=\"auto, (max-width: 580px) 100vw, 580px\" \/><figcaption id=\"caption-attachment-88991\" class=\"wp-caption-text\">En horas de la ma\u00f1ana de ayer lunes el cuerpo de la ciudadana haitiana de 36 a\u00f1os de edad fue levantado por el Servicio M\u00e9dico Legal de San Felipe para la pr\u00e1ctica de la autopsia de rigor. (Foto: EmerVCordillera).<\/figcaption><\/figure>\n<p><span style=\"color: #ff0000;\"><strong>PDI catalog\u00f3 como causa indeterminada el deceso:<\/strong><\/span><\/p>\n<ul>\n<li><strong>Personal policial inici\u00f3 las investigaciones en horas de la ma\u00f1ana de ayer lunes, descart\u00e1ndose la intervenci\u00f3n de terceros en el deceso. No obstante la PDI quedar\u00e1 a la espera del resultado de la autopsia de rigor al cuerpo para determinar con exactitud la causa del fallecimiento.<\/strong><\/li>\n<\/ul>\n<p>Por causa indeterminada fue catalogada la muerte de una ciudadana haitiana de 36 a\u00f1os de edad, de iniciales Edeline Cenatus, quien aparentemente perdi\u00f3 la vida tras sufrir un paro cardio respiratorio la ma\u00f1ana de ayer lunes dentro un inmueble de la Villa Departamental de San Felipe.<br \/>\nEl hallazgo lo habr\u00eda realizado una vecina de la misma nacionalidad, quien alrededor de las ocho de la ma\u00f1ana escuch\u00f3 hablar por tel\u00e9fono celular a su compatriota, sin embargo horas m\u00e1s tarde, al concurrir al domicilio de la mujer, la testigo la habr\u00eda encontrado en su dormitorio sin signos vitales, solicitando auxilio al personal del Samu.<br \/>\nAnte la llegada de los param\u00e9dicos al departamento, los profesionales efectuaron mecanismos de reanimaci\u00f3n para lograr estabilizar a la paciente, sin embargo fue declarada su muerte en el lugar, dando cuenta del fallecimiento a Carabineros quienes tras constituirse en el sitio del suceso informaron de lo ocurrido al Fiscal de turno, disponi\u00e9ndose las pericias de la Brigada de Homicidios de la Polic\u00eda de Investigaciones de Los Andes.<br \/>\nEn este sentido el Jefe de esta Brigada policial, Comisario Gino Guti\u00e9rrez inform\u00f3 a Diario El Trabajo que la causa de muerte fue catalogada como indeterminada, descart\u00e1ndose la intervenci\u00f3n de terceras personas en el hecho.<br \/>\n\u201cSe realiz\u00f3 un trabajo en el sitio del suceso, no encontramos lesiones externas atribuibles a terceras personas, la necropsia deber\u00e1 realizarla el Servicio M\u00e9dico Legal, sobre las causas no sabemos si existieron patolog\u00edas pre existentes que hayan dado indicios externos, la categorizamos como indeterminada a la espera de la necropsia. Esta persona en horas de la ma\u00f1ana se encontraba bien, una persona que reside en el lugar habl\u00f3 con ella a eso de las 11:00 de la ma\u00f1ana, pese a que tom\u00f3 contacto con ella despu\u00e9s no responde en la habitaci\u00f3n, aparentemente ya no ten\u00eda signos vitales, sale a pedir ayuda al Samu quien efect\u00faa mecanismos de reanimaci\u00f3n y se decreta el deceso en el lugar\u201d.<br \/>\nEl cuerpo de la fallecida fue levantado por el Servicio M\u00e9dico Legal para la pr\u00e1ctica de la autopsia de rigor para determinar cient\u00edficamente la causa de muerte.<br \/>\n<strong>Pablo Salinas Sald\u00edas<\/strong><\/p>\n","protected":false},"excerpt":{"rendered":"<div class=\"mh-excerpt\"><p>PDI catalog\u00f3 como causa indeterminada el deceso: Personal policial inici\u00f3 las investigaciones en horas de la ma\u00f1ana de ayer lunes, descart\u00e1ndose la intervenci\u00f3n de terceros <a class=\"mh-excerpt-more\" href=\"https:\/\/www.eltrabajo.cl\/2017\/haitiana-de-36-anos-hallada-muerta-en-su-inmueble-en-villa-departamental\/\" title=\"Haitiana de 36 a\u00f1os hallada muerta en su inmueble en Villa Departamental\">[&#8230;]<\/a><\/p>\n<\/div>","protected":false},"author":1,"featured_media":88991,"comment_status":"open","ping_status":"open","sticky":false,"template":"","format":"standard","meta":{"_jetpack_newsletter_access":"","_jetpack_dont_email_post_to_subs":false,"_jetpack_newsletter_tier_id":0,"_jetpack_memberships_contains_paywalled_content":false,"_jetpack_memberships_contains_paid_content":false,"footnotes":""},"categories":[2],"tags":[],"class_list":["post-88990","post","type-post","status-publish","format-standard","has-post-thumbnail","hentry","category-policial"],"nelio_content":{"autoShareEndMode":"never","automationSources":{"useCustomSentences":false,"customSentences":[]},"efiAlt":"","efiUrl":"","followers":[],"highlights":[],"isAutoShareEnabled":true,"networkImageIds":[],"permalinkQueryArgs":[],"series":[],"suggestedReferences":[]},"jetpack_featured_media_url":"https:\/\/i0.wp.com\/www.eltrabajo.cl\/2017\/wp-content\/uploads\/2018\/11\/HAITIANA-FALLECIDA.jpg?fit=580%2C400&ssl=1","jetpack_sharing_enabled":true,"_links":{"self":[{"href":"https:\/\/www.eltrabajo.cl\/2017\/wp-json\/wp\/v2\/posts\/88990","targetHints":{"allow":["GET"]}}],"collection":[{"href":"https:\/\/www.eltrabajo.cl\/2017\/wp-json\/wp\/v2\/posts"}],"about":[{"href":"https:\/\/www.eltrabajo.cl\/2017\/wp-json\/wp\/v2\/types\/post"}],"author":[{"embeddable":true,"href":"https:\/\/www.eltrabajo.cl\/2017\/wp-json\/wp\/v2\/users\/1"}],"replies":[{"embeddable":true,"href":"https:\/\/www.eltrabajo.cl\/2017\/wp-json\/wp\/v2\/comments?post=88990"}],"version-history":[{"count":1,"href":"https:\/\/www.eltrabajo.cl\/2017\/wp-json\/wp\/v2\/posts\/88990\/revisions"}],"predecessor-version":[{"id":88992,"href":"https:\/\/www.eltrabajo.cl\/2017\/wp-json\/wp\/v2\/posts\/88990\/revisions\/88992"}],"wp:featuredmedia":[{"embeddable":true,"href":"https:\/\/www.eltrabajo.cl\/2017\/wp-json\/wp\/v2\/media\/88991"}],"wp:attachment":[{"href":"https:\/\/www.eltrabajo.cl\/2017\/wp-json\/wp\/v2\/media?parent=88990"}],"wp:term":[{"taxonomy":"category","embeddable":true,"href":"https:\/\/www.eltrabajo.cl\/2017\/wp-json\/wp\/v2\/categories?post=88990"},{"taxonomy":"post_tag","embeddable":true,"href":"https:\/\/www.eltrabajo.cl\/2017\/wp-json\/wp\/v2\/tags?post=88990"}],"curies":[{"name":"wp","href":"https:\/\/api.w.org\/{rel}","templated":true}]}}