{"id":89003,"date":"2018-11-07T07:55:02","date_gmt":"2018-11-07T11:55:02","guid":{"rendered":"http:\/\/www.eltrabajo.cl\/2017\/?p=89003"},"modified":"2018-11-07T07:55:02","modified_gmt":"2018-11-07T11:55:02","slug":"detenido-por-conducir-auto-robado-y-microtrafico-pasta-base-y-marihuana","status":"publish","type":"post","link":"https:\/\/www.eltrabajo.cl\/2017\/detenido-por-conducir-auto-robado-y-microtrafico-pasta-base-y-marihuana\/","title":{"rendered":"Detenido por conducir auto robado y microtr\u00e1fico pasta base y marihuana"},"content":{"rendered":"<figure id=\"attachment_89004\" aria-describedby=\"caption-attachment-89004\" style=\"width: 580px\" class=\"wp-caption alignnone\"><img data-recalc-dims=\"1\" loading=\"lazy\" decoding=\"async\" class=\"size-full wp-image-89004\" src=\"https:\/\/i0.wp.com\/www.eltrabajo.cl\/2017\/wp-content\/uploads\/2018\/11\/PAPELILLOS-PASTA-BASE-SIP.jpg?resize=580%2C360\" alt=\"Personal de la SIP de Carabineros incaut\u00f3 papelillos de pasta base, bolsas de marihuana y dinero en efectivo en poder del imputado de 21 a\u00f1os de edad.\" width=\"580\" height=\"360\" srcset=\"https:\/\/i0.wp.com\/www.eltrabajo.cl\/2017\/wp-content\/uploads\/2018\/11\/PAPELILLOS-PASTA-BASE-SIP.jpg?w=580&amp;ssl=1 580w, https:\/\/i0.wp.com\/www.eltrabajo.cl\/2017\/wp-content\/uploads\/2018\/11\/PAPELILLOS-PASTA-BASE-SIP.jpg?resize=300%2C186&amp;ssl=1 300w, https:\/\/i0.wp.com\/www.eltrabajo.cl\/2017\/wp-content\/uploads\/2018\/11\/PAPELILLOS-PASTA-BASE-SIP.jpg?resize=150%2C93&amp;ssl=1 150w\" sizes=\"auto, (max-width: 580px) 100vw, 580px\" \/><figcaption id=\"caption-attachment-89004\" class=\"wp-caption-text\">Personal de la SIP de Carabineros incaut\u00f3 papelillos de pasta base, bolsas de marihuana y dinero en efectivo en poder del imputado de 21 a\u00f1os de edad.<\/figcaption><\/figure>\n<p><span style=\"color: #ff0000;\"><strong>Procedimiento de la SIP en Departamentos Enc\u00f3n:<\/strong><\/span><\/p>\n<p><strong>Imputado de 21 a\u00f1os de edad ser\u00e1 trasladado el d\u00eda de hoy hasta tribunales para ser formalizado por la Fiscal\u00eda por microtr\u00e1fico de drogas y receptaci\u00f3n de veh\u00edculo motorizado encargado por robo desde la comuna de Colina en Santiago.<\/strong><\/p>\n<p>En medio de una fiscalizaci\u00f3n efectuada por personal de la Secci\u00f3n de Investigaci\u00f3n Policial (SIP) de Carabineros de San Felipe en los Departamentos Enc\u00f3n de esta comuna, un conductor de 21 a\u00f1os de edad fue detenido tras confirmarse que el veh\u00edculo en el que se encontraba manten\u00eda encargo por robo, quedando adem\u00e1s al descubierto el porte de una cantidad de papelillos de pasta base de coca\u00edna y marihuana elaborada.<br \/>\nEl procedimiento policial se ejecut\u00f3 alrededor de las 11:40 horas de ayer martes, cuando personal habr\u00eda observado al conductor del autom\u00f3vil marca K\u00eda de color rojo, que se encontraba detenido con el motor encendido, manipulando un papelillo con drogas, siendo fiscalizado por la polic\u00eda.<br \/>\nSeg\u00fan la informaci\u00f3n policial, mientras el conductor fue sometido a un control de identidad, los funcionarios policiales efectuaron una revisi\u00f3n dentro del m\u00f3vil, descubri\u00e9ndose que dentro de un banano, el imputado manten\u00eda un total de 260 envoltorios de pasta base y 46 bolsas de marihuana elaborada, adem\u00e1s de $146.000 en dinero en efectivo.<br \/>\nLas diligencias policiales dejaron al descubierto por medio de la placa patente, que el veh\u00edculo manten\u00eda vigente encargo por robo, denunciado por su propietario en la comuna de Colina en la regi\u00f3n Metropolitana.<br \/>\nEn este sentido el conductor de iniciales C.M.C.D. de 21 a\u00f1os de edad, domiciliado en la comuna de San Felipe, fue detenido por los delitos de microtr\u00e1fico de drogas y receptaci\u00f3n de veh\u00edculo motorizado, quien el d\u00eda de hoy mi\u00e9rcoles ser\u00e1 derivado hasta el Juzgado de Garant\u00eda de San Felipe para ser formalizado por la Fiscal\u00eda.<br \/>\nAsimismo Carabineros procedi\u00f3 a contactar al due\u00f1o del autom\u00f3vil para efectuar su devoluci\u00f3n.<br \/>\n<strong>Pablo Salinas Sald\u00edas<\/strong><\/p>\n<figure id=\"attachment_89005\" aria-describedby=\"caption-attachment-89005\" style=\"width: 580px\" class=\"wp-caption alignnone\"><img data-recalc-dims=\"1\" loading=\"lazy\" decoding=\"async\" class=\"size-full wp-image-89005\" src=\"https:\/\/i0.wp.com\/www.eltrabajo.cl\/2017\/wp-content\/uploads\/2018\/11\/VEHICULO-ROBADO-COLINA.jpg?resize=580%2C359\" alt=\"El veh\u00edculo incautado manten\u00eda encargo por robo desde la comuna de Colina en la regi\u00f3n Metropolitana.\" width=\"580\" height=\"359\" srcset=\"https:\/\/i0.wp.com\/www.eltrabajo.cl\/2017\/wp-content\/uploads\/2018\/11\/VEHICULO-ROBADO-COLINA.jpg?w=580&amp;ssl=1 580w, https:\/\/i0.wp.com\/www.eltrabajo.cl\/2017\/wp-content\/uploads\/2018\/11\/VEHICULO-ROBADO-COLINA.jpg?resize=300%2C186&amp;ssl=1 300w, https:\/\/i0.wp.com\/www.eltrabajo.cl\/2017\/wp-content\/uploads\/2018\/11\/VEHICULO-ROBADO-COLINA.jpg?resize=150%2C93&amp;ssl=1 150w\" sizes=\"auto, (max-width: 580px) 100vw, 580px\" \/><figcaption id=\"caption-attachment-89005\" class=\"wp-caption-text\">El veh\u00edculo incautado manten\u00eda encargo por robo desde la comuna de Colina en la regi\u00f3n Metropolitana.<\/figcaption><\/figure>\n","protected":false},"excerpt":{"rendered":"<div class=\"mh-excerpt\"><p>Procedimiento de la SIP en Departamentos Enc\u00f3n: Imputado de 21 a\u00f1os de edad ser\u00e1 trasladado el d\u00eda de hoy hasta tribunales para ser formalizado por <a class=\"mh-excerpt-more\" href=\"https:\/\/www.eltrabajo.cl\/2017\/detenido-por-conducir-auto-robado-y-microtrafico-pasta-base-y-marihuana\/\" title=\"Detenido por conducir auto robado y microtr\u00e1fico pasta base y marihuana\">[&#8230;]<\/a><\/p>\n<\/div>","protected":false},"author":1,"featured_media":89005,"comment_status":"open","ping_status":"open","sticky":false,"template":"","format":"standard","meta":{"_jetpack_newsletter_access":"","_jetpack_dont_email_post_to_subs":false,"_jetpack_newsletter_tier_id":0,"_jetpack_memberships_contains_paywalled_content":false,"_jetpack_memberships_contains_paid_content":false,"footnotes":""},"categories":[2],"tags":[],"class_list":["post-89003","post","type-post","status-publish","format-standard","has-post-thumbnail","hentry","category-policial"],"nelio_content":{"autoShareEndMode":"never","automationSources":{"useCustomSentences":false,"customSentences":[]},"efiAlt":"","efiUrl":"","followers":[],"highlights":[],"isAutoShareEnabled":true,"networkImageIds":[],"permalinkQueryArgs":[],"series":[],"suggestedReferences":[]},"jetpack_featured_media_url":"https:\/\/i0.wp.com\/www.eltrabajo.cl\/2017\/wp-content\/uploads\/2018\/11\/VEHICULO-ROBADO-COLINA.jpg?fit=580%2C359&ssl=1","jetpack_sharing_enabled":true,"_links":{"self":[{"href":"https:\/\/www.eltrabajo.cl\/2017\/wp-json\/wp\/v2\/posts\/89003","targetHints":{"allow":["GET"]}}],"collection":[{"href":"https:\/\/www.eltrabajo.cl\/2017\/wp-json\/wp\/v2\/posts"}],"about":[{"href":"https:\/\/www.eltrabajo.cl\/2017\/wp-json\/wp\/v2\/types\/post"}],"author":[{"embeddable":true,"href":"https:\/\/www.eltrabajo.cl\/2017\/wp-json\/wp\/v2\/users\/1"}],"replies":[{"embeddable":true,"href":"https:\/\/www.eltrabajo.cl\/2017\/wp-json\/wp\/v2\/comments?post=89003"}],"version-history":[{"count":1,"href":"https:\/\/www.eltrabajo.cl\/2017\/wp-json\/wp\/v2\/posts\/89003\/revisions"}],"predecessor-version":[{"id":89006,"href":"https:\/\/www.eltrabajo.cl\/2017\/wp-json\/wp\/v2\/posts\/89003\/revisions\/89006"}],"wp:featuredmedia":[{"embeddable":true,"href":"https:\/\/www.eltrabajo.cl\/2017\/wp-json\/wp\/v2\/media\/89005"}],"wp:attachment":[{"href":"https:\/\/www.eltrabajo.cl\/2017\/wp-json\/wp\/v2\/media?parent=89003"}],"wp:term":[{"taxonomy":"category","embeddable":true,"href":"https:\/\/www.eltrabajo.cl\/2017\/wp-json\/wp\/v2\/categories?post=89003"},{"taxonomy":"post_tag","embeddable":true,"href":"https:\/\/www.eltrabajo.cl\/2017\/wp-json\/wp\/v2\/tags?post=89003"}],"curies":[{"name":"wp","href":"https:\/\/api.w.org\/{rel}","templated":true}]}}