{"id":89013,"date":"2018-11-07T08:02:14","date_gmt":"2018-11-07T12:02:14","guid":{"rendered":"http:\/\/www.eltrabajo.cl\/2017\/?p=89013"},"modified":"2018-11-07T08:02:14","modified_gmt":"2018-11-07T12:02:14","slug":"pdi-recupera-millonario-cargamento-de-carnes-en-bodega-de-las-coimas","status":"publish","type":"post","link":"https:\/\/www.eltrabajo.cl\/2017\/pdi-recupera-millonario-cargamento-de-carnes-en-bodega-de-las-coimas\/","title":{"rendered":"PDI recupera millonario cargamento de carnes en bodega de Las Coimas"},"content":{"rendered":"<figure id=\"attachment_89015\" aria-describedby=\"caption-attachment-89015\" style=\"width: 580px\" class=\"wp-caption alignnone\"><img data-recalc-dims=\"1\" loading=\"lazy\" decoding=\"async\" class=\"size-full wp-image-89015\" src=\"https:\/\/i0.wp.com\/www.eltrabajo.cl\/2017\/wp-content\/uploads\/2018\/11\/GERMAN-LOPEZ-JEFE-BIRO.jpg?resize=580%2C360\" alt=\"Jefe de la BIRO de la PDI, Germ\u00e1n L\u00f3pez.\" width=\"580\" height=\"360\" srcset=\"https:\/\/i0.wp.com\/www.eltrabajo.cl\/2017\/wp-content\/uploads\/2018\/11\/GERMAN-LOPEZ-JEFE-BIRO.jpg?w=580&amp;ssl=1 580w, https:\/\/i0.wp.com\/www.eltrabajo.cl\/2017\/wp-content\/uploads\/2018\/11\/GERMAN-LOPEZ-JEFE-BIRO.jpg?resize=300%2C186&amp;ssl=1 300w, https:\/\/i0.wp.com\/www.eltrabajo.cl\/2017\/wp-content\/uploads\/2018\/11\/GERMAN-LOPEZ-JEFE-BIRO.jpg?resize=150%2C93&amp;ssl=1 150w\" sizes=\"auto, (max-width: 580px) 100vw, 580px\" \/><figcaption id=\"caption-attachment-89015\" class=\"wp-caption-text\">Jefe de la BIRO de la PDI, Germ\u00e1n L\u00f3pez.<\/figcaption><\/figure>\n<p><span style=\"color: #ff0000;\"><strong>A mano armada asaltan cami\u00f3n frigor\u00edfico:<\/strong><\/span><\/p>\n<ul>\n<li><strong>Gracias al sistema satelital GPS y testimonios de la v\u00edctima, la polic\u00eda civil logr\u00f3 ubicar el cami\u00f3n abandonado en Putaendo y parte de las especies ocultas en una bodega cuyo propietario fue detenido por receptaci\u00f3n de especies.<\/strong><\/li>\n<\/ul>\n<p>En una bodega ubicada en el sector de Las Coimas de Putaendo, la Polic\u00eda de Investigaciones logr\u00f3 recuperar un total de 168 cajas de carne de diferentes cortes avaluadas en m\u00e1s de $35.000.000, las cuales fueron robadas este lunes por una banda delictual que intimid\u00f3 con armas de fuego al conductor del cami\u00f3n de la empresa paraguaya Saga en la ruta internacional de Los Andes.<br \/>\nSeg\u00fan inform\u00f3 el Jefe de la Brigada de Delitos de Robo de la PDI, Comisario Germ\u00e1n L\u00f3pez a Diario El Trabajo, los hechos se produjeron cuando el cami\u00f3n de carga internacional que ten\u00eda como destino la ciudad de Santiago, fue interceptado por al menos dos veh\u00edculos con un m\u00ednimo de cinco personas que intimidaron al conductor del cami\u00f3n frigor\u00edfico con armas de fuego.<br \/>\n\u201cSe suben a la cabina y posteriormente lo trasladan hasta la comuna de San Felipe, trasladando al conductor en otro veh\u00edculo para abandonarlo en la comuna de Conchal\u00ed, en Santiago. Con ello un equipo investigativo comenz\u00f3 a trabajar con la ruta marcada por el GPS del cami\u00f3n, logrando ubicarlo en las cercan\u00edas de la comuna de Putaendo. No obstante, la polic\u00eda logra ubicar el cami\u00f3n sin la carga, por lo que se abocan a un rastreo de c\u00e1maras por la carretera y despu\u00e9s de ver un hist\u00f3rico del GPS, logran dar con parte de las 168 cajas de carnes de distintos cortes al vac\u00edo avaluada en $35.000.000 mientras que el cami\u00f3n recuperado fue avaluado en $100.000.000\u201d.<br \/>\nL\u00f3pez detall\u00f3 que el cargamento precisamente se encontraba en una bodega en el sector de Las Coimas, \u201cque es donde se tramita una orden de entrada y registro con el Ministerio P\u00fablico y encuentran estas cajas en esta bodega, por lo cual se logra detener al propietario de la misma por el delito flagrante de receptaci\u00f3n\u201d.<br \/>\nPor disposici\u00f3n de la Fiscal\u00eda, el detenido de 57 a\u00f1os de edad, fue dejado en libertad quedando a la espera de citaci\u00f3n por parte del Ministerio P\u00fablico. Asimismo la polic\u00eda civil contin\u00faa con las investigaciones para dar con el paradero de la banda delictual que perpetr\u00f3 este robo.<br \/>\n<strong>Pablo Salinas Sald\u00edas<\/strong><\/p>\n","protected":false},"excerpt":{"rendered":"<div class=\"mh-excerpt\"><p>A mano armada asaltan cami\u00f3n frigor\u00edfico: Gracias al sistema satelital GPS y testimonios de la v\u00edctima, la polic\u00eda civil logr\u00f3 ubicar el cami\u00f3n abandonado en <a class=\"mh-excerpt-more\" href=\"https:\/\/www.eltrabajo.cl\/2017\/pdi-recupera-millonario-cargamento-de-carnes-en-bodega-de-las-coimas\/\" title=\"PDI recupera millonario cargamento de carnes en bodega de Las Coimas\">[&#8230;]<\/a><\/p>\n<\/div>","protected":false},"author":1,"featured_media":89014,"comment_status":"open","ping_status":"open","sticky":false,"template":"","format":"standard","meta":{"_jetpack_newsletter_access":"","_jetpack_dont_email_post_to_subs":false,"_jetpack_newsletter_tier_id":0,"_jetpack_memberships_contains_paywalled_content":false,"_jetpack_memberships_contains_paid_content":false,"footnotes":""},"categories":[2],"tags":[],"class_list":["post-89013","post","type-post","status-publish","format-standard","has-post-thumbnail","hentry","category-policial"],"nelio_content":{"autoShareEndMode":"never","automationSources":{"useCustomSentences":false,"customSentences":[]},"efiAlt":"","efiUrl":"","followers":[],"highlights":[],"isAutoShareEnabled":true,"networkImageIds":[],"permalinkQueryArgs":[],"series":[],"suggestedReferences":[]},"jetpack_featured_media_url":"https:\/\/i0.wp.com\/www.eltrabajo.cl\/2017\/wp-content\/uploads\/2018\/11\/CARGAMENTO-CARNE-RECUPERADA.jpg?fit=580%2C359&ssl=1","jetpack_sharing_enabled":true,"_links":{"self":[{"href":"https:\/\/www.eltrabajo.cl\/2017\/wp-json\/wp\/v2\/posts\/89013","targetHints":{"allow":["GET"]}}],"collection":[{"href":"https:\/\/www.eltrabajo.cl\/2017\/wp-json\/wp\/v2\/posts"}],"about":[{"href":"https:\/\/www.eltrabajo.cl\/2017\/wp-json\/wp\/v2\/types\/post"}],"author":[{"embeddable":true,"href":"https:\/\/www.eltrabajo.cl\/2017\/wp-json\/wp\/v2\/users\/1"}],"replies":[{"embeddable":true,"href":"https:\/\/www.eltrabajo.cl\/2017\/wp-json\/wp\/v2\/comments?post=89013"}],"version-history":[{"count":1,"href":"https:\/\/www.eltrabajo.cl\/2017\/wp-json\/wp\/v2\/posts\/89013\/revisions"}],"predecessor-version":[{"id":89016,"href":"https:\/\/www.eltrabajo.cl\/2017\/wp-json\/wp\/v2\/posts\/89013\/revisions\/89016"}],"wp:featuredmedia":[{"embeddable":true,"href":"https:\/\/www.eltrabajo.cl\/2017\/wp-json\/wp\/v2\/media\/89014"}],"wp:attachment":[{"href":"https:\/\/www.eltrabajo.cl\/2017\/wp-json\/wp\/v2\/media?parent=89013"}],"wp:term":[{"taxonomy":"category","embeddable":true,"href":"https:\/\/www.eltrabajo.cl\/2017\/wp-json\/wp\/v2\/categories?post=89013"},{"taxonomy":"post_tag","embeddable":true,"href":"https:\/\/www.eltrabajo.cl\/2017\/wp-json\/wp\/v2\/tags?post=89013"}],"curies":[{"name":"wp","href":"https:\/\/api.w.org\/{rel}","templated":true}]}}