{"id":89017,"date":"2018-11-07T08:03:50","date_gmt":"2018-11-07T12:03:50","guid":{"rendered":"http:\/\/www.eltrabajo.cl\/2017\/?p=89017"},"modified":"2018-11-07T08:03:50","modified_gmt":"2018-11-07T12:03:50","slug":"hondo-pesar-por-muerte-de-pequena-antonella-en-la-uci-del-san-camilo","status":"publish","type":"post","link":"https:\/\/www.eltrabajo.cl\/2017\/hondo-pesar-por-muerte-de-pequena-antonella-en-la-uci-del-san-camilo\/","title":{"rendered":"Hondo pesar por muerte de peque\u00f1a Antonella en la UCI del San Camilo"},"content":{"rendered":"<figure id=\"attachment_89018\" aria-describedby=\"caption-attachment-89018\" style=\"width: 580px\" class=\"wp-caption alignnone\"><img data-recalc-dims=\"1\" loading=\"lazy\" decoding=\"async\" class=\"size-full wp-image-89018\" src=\"https:\/\/i0.wp.com\/www.eltrabajo.cl\/2017\/wp-content\/uploads\/2018\/11\/Antonella-Beatriz-Menay-P%C3%A1ez.jpg?resize=580%2C360\" alt=\"Finalmente la peque\u00f1a Antonella Beatriz Menay P\u00e1ez falleci\u00f3 la tarde de ayer, tras un lamentable accidente que conmovi\u00f3 a todo el valle de Aconcagua.\" width=\"580\" height=\"360\" srcset=\"https:\/\/i0.wp.com\/www.eltrabajo.cl\/2017\/wp-content\/uploads\/2018\/11\/Antonella-Beatriz-Menay-P%C3%A1ez.jpg?w=580&amp;ssl=1 580w, https:\/\/i0.wp.com\/www.eltrabajo.cl\/2017\/wp-content\/uploads\/2018\/11\/Antonella-Beatriz-Menay-P%C3%A1ez.jpg?resize=300%2C186&amp;ssl=1 300w, https:\/\/i0.wp.com\/www.eltrabajo.cl\/2017\/wp-content\/uploads\/2018\/11\/Antonella-Beatriz-Menay-P%C3%A1ez.jpg?resize=150%2C93&amp;ssl=1 150w\" sizes=\"auto, (max-width: 580px) 100vw, 580px\" \/><figcaption id=\"caption-attachment-89018\" class=\"wp-caption-text\">Finalmente la peque\u00f1a Antonella Beatriz Menay P\u00e1ez falleci\u00f3 la tarde de ayer, tras un lamentable accidente que conmovi\u00f3 a todo el valle de Aconcagua.<\/figcaption><\/figure>\n<p><span style=\"color: #ff0000;\"><strong>Angelito dej\u00f3 de existir ayer martes a las 14:38 horas<\/strong><\/span><\/p>\n<p>La ni\u00f1a fue declarada hace varios d\u00edas con muerte cerebral, permaneciendo conectada a ventilaci\u00f3n mec\u00e1nica en la UCI Pedi\u00e1trica, con diagn\u00f3stico irreversible seg\u00fan los m\u00e9dicos tratantes, dejando un inmenso dolor a sus padres y cercanos. Sus restos ser\u00e1n velados en la comuna de Rinconada de Los Andes, seg\u00fan inform\u00f3 el Cuerpo de Bomberos.<br \/>\nTras una larga lucha que se extendi\u00f3 por siete d\u00edas, lamentablemente durante la tarde de ayer martes falleci\u00f3 la peque\u00f1a Antonella Beatriz Menay P\u00e1ez de un a\u00f1o y siete meses, quien se mantuvo internada con muerte cerebral en la UCI Pedi\u00e1trica del Hospital San Camilo de San Felipe.<br \/>\nComo se recordar\u00e1 la menor ingres\u00f3 hasta este centro hospitalario con da\u00f1o cerebral irreversible tras ser rescatada por Bomberos este 31 de octubre desde un canal de regad\u00edo en el sector El Chepical de Santa Mar\u00eda, cuando la ni\u00f1a se encontraba junto a su madre.<br \/>\nLa menor fue ingresada de urgencias hasta la UCI Pedi\u00e1trica, declar\u00e1ndose la muerte cerebral tras los diversos ex\u00e1menes m\u00e9dicos, permaneciendo conectada a ventilaci\u00f3n mec\u00e1nica.<br \/>\nLamentablemente el deceso de la peque\u00f1a Antonella se decret\u00f3 ayer martes a las 14:38 horas por los m\u00e9dicos del Hospital, dejando un inmenso dolor a sus padres y familiares que esperaban un milagro para poder salvar la vida de la peque\u00f1a ni\u00f1a.<br \/>\nSeg\u00fan se inform\u00f3 en redes sociales del cuerpo de Bomberos de Santa Mar\u00eda (lugar donde es voluntario el padre de la menor fallecida), sus restos ser\u00e1n velados en la comuna de Rinconada para rendirle el \u00faltimo adi\u00f3s a este angelito.<\/p>\n","protected":false},"excerpt":{"rendered":"<div class=\"mh-excerpt\"><p>Angelito dej\u00f3 de existir ayer martes a las 14:38 horas La ni\u00f1a fue declarada hace varios d\u00edas con muerte cerebral, permaneciendo conectada a ventilaci\u00f3n mec\u00e1nica <a class=\"mh-excerpt-more\" href=\"https:\/\/www.eltrabajo.cl\/2017\/hondo-pesar-por-muerte-de-pequena-antonella-en-la-uci-del-san-camilo\/\" title=\"Hondo pesar por muerte de peque\u00f1a Antonella en la UCI del San Camilo\">[&#8230;]<\/a><\/p>\n<\/div>","protected":false},"author":1,"featured_media":89018,"comment_status":"open","ping_status":"open","sticky":false,"template":"","format":"standard","meta":{"_jetpack_newsletter_access":"","_jetpack_dont_email_post_to_subs":false,"_jetpack_newsletter_tier_id":0,"_jetpack_memberships_contains_paywalled_content":false,"_jetpack_memberships_contains_paid_content":false,"footnotes":""},"categories":[3],"tags":[],"class_list":["post-89017","post","type-post","status-publish","format-standard","has-post-thumbnail","hentry","category-comunidad"],"nelio_content":{"autoShareEndMode":"never","automationSources":{"useCustomSentences":false,"customSentences":[]},"efiAlt":"","efiUrl":"","followers":[],"highlights":[],"isAutoShareEnabled":true,"networkImageIds":[],"permalinkQueryArgs":[],"series":[],"suggestedReferences":[]},"jetpack_featured_media_url":"https:\/\/i0.wp.com\/www.eltrabajo.cl\/2017\/wp-content\/uploads\/2018\/11\/Antonella-Beatriz-Menay-P%C3%A1ez.jpg?fit=580%2C360&ssl=1","jetpack_sharing_enabled":true,"_links":{"self":[{"href":"https:\/\/www.eltrabajo.cl\/2017\/wp-json\/wp\/v2\/posts\/89017","targetHints":{"allow":["GET"]}}],"collection":[{"href":"https:\/\/www.eltrabajo.cl\/2017\/wp-json\/wp\/v2\/posts"}],"about":[{"href":"https:\/\/www.eltrabajo.cl\/2017\/wp-json\/wp\/v2\/types\/post"}],"author":[{"embeddable":true,"href":"https:\/\/www.eltrabajo.cl\/2017\/wp-json\/wp\/v2\/users\/1"}],"replies":[{"embeddable":true,"href":"https:\/\/www.eltrabajo.cl\/2017\/wp-json\/wp\/v2\/comments?post=89017"}],"version-history":[{"count":1,"href":"https:\/\/www.eltrabajo.cl\/2017\/wp-json\/wp\/v2\/posts\/89017\/revisions"}],"predecessor-version":[{"id":89019,"href":"https:\/\/www.eltrabajo.cl\/2017\/wp-json\/wp\/v2\/posts\/89017\/revisions\/89019"}],"wp:featuredmedia":[{"embeddable":true,"href":"https:\/\/www.eltrabajo.cl\/2017\/wp-json\/wp\/v2\/media\/89018"}],"wp:attachment":[{"href":"https:\/\/www.eltrabajo.cl\/2017\/wp-json\/wp\/v2\/media?parent=89017"}],"wp:term":[{"taxonomy":"category","embeddable":true,"href":"https:\/\/www.eltrabajo.cl\/2017\/wp-json\/wp\/v2\/categories?post=89017"},{"taxonomy":"post_tag","embeddable":true,"href":"https:\/\/www.eltrabajo.cl\/2017\/wp-json\/wp\/v2\/tags?post=89017"}],"curies":[{"name":"wp","href":"https:\/\/api.w.org\/{rel}","templated":true}]}}