{"id":89026,"date":"2018-11-08T07:32:00","date_gmt":"2018-11-08T11:32:00","guid":{"rendered":"http:\/\/www.eltrabajo.cl\/2017\/?p=89026"},"modified":"2018-11-08T07:32:00","modified_gmt":"2018-11-08T11:32:00","slug":"motociclista-ebrio-colisiono-patrulla-de-carabineros-al-eludir-fiscalizacion","status":"publish","type":"post","link":"https:\/\/www.eltrabajo.cl\/2017\/motociclista-ebrio-colisiono-patrulla-de-carabineros-al-eludir-fiscalizacion\/","title":{"rendered":"Motociclista ebrio colision\u00f3 patrulla de Carabineros al eludir fiscalizaci\u00f3n"},"content":{"rendered":"<figure id=\"attachment_89028\" aria-describedby=\"caption-attachment-89028\" style=\"width: 579px\" class=\"wp-caption alignnone\"><img data-recalc-dims=\"1\" loading=\"lazy\" decoding=\"async\" class=\"size-full wp-image-89028\" src=\"https:\/\/i0.wp.com\/www.eltrabajo.cl\/2017\/wp-content\/uploads\/2018\/11\/MOTOCICLETA-INCAUTADA.jpg?resize=579%2C435\" alt=\"La motocicleta no manten\u00eda sus placas patentes, siendo retirada de circulaci\u00f3n.\" width=\"579\" height=\"435\" srcset=\"https:\/\/i0.wp.com\/www.eltrabajo.cl\/2017\/wp-content\/uploads\/2018\/11\/MOTOCICLETA-INCAUTADA.jpg?w=579&amp;ssl=1 579w, https:\/\/i0.wp.com\/www.eltrabajo.cl\/2017\/wp-content\/uploads\/2018\/11\/MOTOCICLETA-INCAUTADA.jpg?resize=300%2C225&amp;ssl=1 300w, https:\/\/i0.wp.com\/www.eltrabajo.cl\/2017\/wp-content\/uploads\/2018\/11\/MOTOCICLETA-INCAUTADA.jpg?resize=150%2C113&amp;ssl=1 150w\" sizes=\"auto, (max-width: 579px) 100vw, 579px\" \/><figcaption id=\"caption-attachment-89028\" class=\"wp-caption-text\">La motocicleta no manten\u00eda sus placas patentes, siendo retirada de circulaci\u00f3n.<\/figcaption><\/figure>\n<p><span style=\"color: #ff0000;\"><strong>Sujeto manten\u00eda orden de detenci\u00f3n por robo:<\/strong><\/span><\/p>\n<ul>\n<li><strong>Alcoholemia arroj\u00f3 resultado de 1,32 gramos de alcohol por litro de sangre. El imputado qued\u00f3 a disposici\u00f3n de la Fiscal\u00eda por cuentas pendientes con la justicia y da\u00f1os a veh\u00edculo policial.<\/strong><\/li>\n<\/ul>\n<p>Alrededor de las 20:30 horas de este martes, un sujeto fue detenido por Carabineros de la Tenencia de Santa Mar\u00eda tras conducir una motocicleta en estado de ebriedad, colisionando contra una patrulla policial al intentar escapar por mantener vigente cuentas pendientes con la justicia.<br \/>\nCarabineros inform\u00f3 que el procedimiento policial se origin\u00f3 mientras efectuaban patrullajes preventivos por la Villa Los Aromos de esa comuna, observando que una moto conducida por un desconocido circulaba sin sus placas patentes por Calle Latorre esquina Las Palmeras.<br \/>\nFue as\u00ed que los funcionarios policiales persiguieron al conductor del m\u00f3vil, quien elud\u00eda la fiscalizaci\u00f3n, ingresando hasta el pasaje San Valent\u00edn, el cual no tiene salida. El sujeto, al verse acorralado por Carabineros, habr\u00eda efectuado una maniobra en U con su moto para escapar, lo que lo llev\u00f3 a perder el control y colisionar contra la patrulla policial, originando da\u00f1os en la puerta delantera del costado derecho.<br \/>\nDe inmediato Carabineros procedi\u00f3 a la detenci\u00f3n del individuo identificado como Juan N.M., quien se encontraba pr\u00f3fugo de la justicia al mantener vigente una orden de detenci\u00f3n por el delito de robo en lugar no habitado.<br \/>\nEl detenido, al ser derivado hasta un centro hospitalario, fue sometido a la alcoholemia de rigor, la que registr\u00f3 1,32 gramos de alcohol por litro de sangre. En tanto la motocicleta fue retirada de circulaci\u00f3n, quedando a disposici\u00f3n del Juzgado de Polic\u00eda Local de Santa Mar\u00eda, inform\u00e1ndose adem\u00e1s que a ra\u00edz de este procedimiento, tanto el conductor como funcionarios policiales no resultaron lesionados.<br \/>\nEl imputado qued\u00f3 a disposici\u00f3n de la Fiscal\u00eda por orden vigente de detenci\u00f3n y da\u00f1os a veh\u00edculo policial.<br \/>\n<strong>Pablo Salinas Sald\u00edas<\/strong><\/p>\n<figure id=\"attachment_89027\" aria-describedby=\"caption-attachment-89027\" style=\"width: 578px\" class=\"wp-caption alignnone\"><img data-recalc-dims=\"1\" loading=\"lazy\" decoding=\"async\" class=\"size-full wp-image-89027\" src=\"https:\/\/i0.wp.com\/www.eltrabajo.cl\/2017\/wp-content\/uploads\/2018\/11\/MOTOCICLISTA-EBRIO.jpg?resize=578%2C372\" alt=\"El imputado fue detenido por Carabineros de la Tenencia de Santa Mar\u00eda la tarde noche de este martes.\" width=\"578\" height=\"372\" srcset=\"https:\/\/i0.wp.com\/www.eltrabajo.cl\/2017\/wp-content\/uploads\/2018\/11\/MOTOCICLISTA-EBRIO.jpg?w=578&amp;ssl=1 578w, https:\/\/i0.wp.com\/www.eltrabajo.cl\/2017\/wp-content\/uploads\/2018\/11\/MOTOCICLISTA-EBRIO.jpg?resize=300%2C193&amp;ssl=1 300w, https:\/\/i0.wp.com\/www.eltrabajo.cl\/2017\/wp-content\/uploads\/2018\/11\/MOTOCICLISTA-EBRIO.jpg?resize=150%2C97&amp;ssl=1 150w\" sizes=\"auto, (max-width: 578px) 100vw, 578px\" \/><figcaption id=\"caption-attachment-89027\" class=\"wp-caption-text\">El imputado fue detenido por Carabineros de la Tenencia de Santa Mar\u00eda la tarde noche de este martes.<\/figcaption><\/figure>\n","protected":false},"excerpt":{"rendered":"<div class=\"mh-excerpt\"><p>Sujeto manten\u00eda orden de detenci\u00f3n por robo: Alcoholemia arroj\u00f3 resultado de 1,32 gramos de alcohol por litro de sangre. El imputado qued\u00f3 a disposici\u00f3n de <a class=\"mh-excerpt-more\" href=\"https:\/\/www.eltrabajo.cl\/2017\/motociclista-ebrio-colisiono-patrulla-de-carabineros-al-eludir-fiscalizacion\/\" title=\"Motociclista ebrio colision\u00f3 patrulla de Carabineros al eludir fiscalizaci\u00f3n\">[&#8230;]<\/a><\/p>\n<\/div>","protected":false},"author":1,"featured_media":89027,"comment_status":"open","ping_status":"open","sticky":false,"template":"","format":"standard","meta":{"_jetpack_newsletter_access":"","_jetpack_dont_email_post_to_subs":false,"_jetpack_newsletter_tier_id":0,"_jetpack_memberships_contains_paywalled_content":false,"_jetpack_memberships_contains_paid_content":false,"footnotes":""},"categories":[2],"tags":[],"class_list":["post-89026","post","type-post","status-publish","format-standard","has-post-thumbnail","hentry","category-policial"],"nelio_content":{"autoShareEndMode":"never","automationSources":{"useCustomSentences":false,"customSentences":[]},"efiAlt":"","efiUrl":"","followers":[],"highlights":[],"isAutoShareEnabled":true,"networkImageIds":[],"permalinkQueryArgs":[],"series":[],"suggestedReferences":[]},"jetpack_featured_media_url":"https:\/\/i0.wp.com\/www.eltrabajo.cl\/2017\/wp-content\/uploads\/2018\/11\/MOTOCICLISTA-EBRIO.jpg?fit=578%2C372&ssl=1","jetpack_sharing_enabled":true,"_links":{"self":[{"href":"https:\/\/www.eltrabajo.cl\/2017\/wp-json\/wp\/v2\/posts\/89026","targetHints":{"allow":["GET"]}}],"collection":[{"href":"https:\/\/www.eltrabajo.cl\/2017\/wp-json\/wp\/v2\/posts"}],"about":[{"href":"https:\/\/www.eltrabajo.cl\/2017\/wp-json\/wp\/v2\/types\/post"}],"author":[{"embeddable":true,"href":"https:\/\/www.eltrabajo.cl\/2017\/wp-json\/wp\/v2\/users\/1"}],"replies":[{"embeddable":true,"href":"https:\/\/www.eltrabajo.cl\/2017\/wp-json\/wp\/v2\/comments?post=89026"}],"version-history":[{"count":1,"href":"https:\/\/www.eltrabajo.cl\/2017\/wp-json\/wp\/v2\/posts\/89026\/revisions"}],"predecessor-version":[{"id":89029,"href":"https:\/\/www.eltrabajo.cl\/2017\/wp-json\/wp\/v2\/posts\/89026\/revisions\/89029"}],"wp:featuredmedia":[{"embeddable":true,"href":"https:\/\/www.eltrabajo.cl\/2017\/wp-json\/wp\/v2\/media\/89027"}],"wp:attachment":[{"href":"https:\/\/www.eltrabajo.cl\/2017\/wp-json\/wp\/v2\/media?parent=89026"}],"wp:term":[{"taxonomy":"category","embeddable":true,"href":"https:\/\/www.eltrabajo.cl\/2017\/wp-json\/wp\/v2\/categories?post=89026"},{"taxonomy":"post_tag","embeddable":true,"href":"https:\/\/www.eltrabajo.cl\/2017\/wp-json\/wp\/v2\/tags?post=89026"}],"curies":[{"name":"wp","href":"https:\/\/api.w.org\/{rel}","templated":true}]}}