{"id":89037,"date":"2018-11-08T07:38:19","date_gmt":"2018-11-08T11:38:19","guid":{"rendered":"http:\/\/www.eltrabajo.cl\/2017\/?p=89037"},"modified":"2018-11-08T07:38:19","modified_gmt":"2018-11-08T11:38:19","slug":"tres-personas-damnificadas-y-danos-millonarios-deja-incendio-en-el-penon","status":"publish","type":"post","link":"https:\/\/www.eltrabajo.cl\/2017\/tres-personas-damnificadas-y-danos-millonarios-deja-incendio-en-el-penon\/","title":{"rendered":"Tres personas damnificadas y da\u00f1os millonarios deja incendio en El Pe\u00f1\u00f3n"},"content":{"rendered":"<figure id=\"attachment_89038\" aria-describedby=\"caption-attachment-89038\" style=\"width: 579px\" class=\"wp-caption alignnone\"><img data-recalc-dims=\"1\" loading=\"lazy\" decoding=\"async\" class=\"size-full wp-image-89038\" src=\"https:\/\/i0.wp.com\/www.eltrabajo.cl\/2017\/wp-content\/uploads\/2018\/11\/incendio-calef%C3%B3n.jpg?resize=579%2C326\" alt=\"El calef\u00f3n donde se presume comenz\u00f3 el incendio que avanz\u00f3 por el entretecho y caus\u00f3 millonarios da\u00f1os.\" width=\"579\" height=\"326\" srcset=\"https:\/\/i0.wp.com\/www.eltrabajo.cl\/2017\/wp-content\/uploads\/2018\/11\/incendio-calef%C3%B3n.jpg?w=579&amp;ssl=1 579w, https:\/\/i0.wp.com\/www.eltrabajo.cl\/2017\/wp-content\/uploads\/2018\/11\/incendio-calef%C3%B3n.jpg?resize=300%2C169&amp;ssl=1 300w, https:\/\/i0.wp.com\/www.eltrabajo.cl\/2017\/wp-content\/uploads\/2018\/11\/incendio-calef%C3%B3n.jpg?resize=150%2C84&amp;ssl=1 150w\" sizes=\"auto, (max-width: 579px) 100vw, 579px\" \/><figcaption id=\"caption-attachment-89038\" class=\"wp-caption-text\">El calef\u00f3n donde se presume comenz\u00f3 el incendio que avanz\u00f3 por el entretecho y caus\u00f3 millonarios da\u00f1os.<\/figcaption><\/figure>\n<p><span style=\"color: #ff0000;\"><strong>Recalentamiento de conducto de calef\u00f3n pudo haber provocado el siniestro que afect\u00f3 a una vivienda.<\/strong><\/span><\/p>\n<p>Tres compa\u00f1\u00edas de Bomberos de San Felipe y unos quince voluntarios debieron concurrir a combatir un incendio de un inmueble ocurrido en el sector El Pe\u00f1\u00f3n de Panquehue la ma\u00f1ana de ayer.<br \/>\nSeg\u00fan el Comandante Juan Carlos Herrera, el incendio afect\u00f3 la cocina, el lavadero y parte de los dormitorios por el humo: \u201cLa cocina y el lavadero sufrieron un 80% de da\u00f1os, est\u00e1 trabajando el departamento t\u00e9cnico, no se descarta el recalentamiento de un conducto del calef\u00f3n que es lo que el propietario informaba, ya que en ese sector era donde se hab\u00eda visto la mayor cantidad de llamas de este incendio\u201d, se\u00f1al\u00f3.<br \/>\n&#8211; \u00bfHab\u00eda personas en el lugar o era casa que se ocupaba durante los fines de semana?<br \/>\n&#8211; Nosotros tenemos informaci\u00f3n que hab\u00edan personas que se percataron cuando sal\u00eda gran cantidad de humo, y uno de los propietarios como lo dije, se percat\u00f3 que donde estaba el calef\u00f3n, del conducto de ventilaci\u00f3n, sal\u00eda gran cantidad de llamas que se propagaron por el entretecho del inmueble.<br \/>\nEn cuanto a las causas, el oficial bomberil reiter\u00f3 que se est\u00e1n investigando.<br \/>\nComent\u00f3 que las llamas se propagaron por entre medio de la techumbre, produciendo da\u00f1os millonarios al inmueble, dejando tres personas damnificadas.<\/p>\n<figure id=\"attachment_89039\" aria-describedby=\"caption-attachment-89039\" style=\"width: 579px\" class=\"wp-caption alignnone\"><img data-recalc-dims=\"1\" loading=\"lazy\" decoding=\"async\" class=\"size-full wp-image-89039\" src=\"https:\/\/i0.wp.com\/www.eltrabajo.cl\/2017\/wp-content\/uploads\/2018\/11\/incendio-da%C3%B1os.jpg?resize=579%2C326\" alt=\"As\u00ed qued\u00f3 la cocina de la casa tras el incendio.\" width=\"579\" height=\"326\" srcset=\"https:\/\/i0.wp.com\/www.eltrabajo.cl\/2017\/wp-content\/uploads\/2018\/11\/incendio-da%C3%B1os.jpg?w=579&amp;ssl=1 579w, https:\/\/i0.wp.com\/www.eltrabajo.cl\/2017\/wp-content\/uploads\/2018\/11\/incendio-da%C3%B1os.jpg?resize=300%2C169&amp;ssl=1 300w, https:\/\/i0.wp.com\/www.eltrabajo.cl\/2017\/wp-content\/uploads\/2018\/11\/incendio-da%C3%B1os.jpg?resize=150%2C84&amp;ssl=1 150w\" sizes=\"auto, (max-width: 579px) 100vw, 579px\" \/><figcaption id=\"caption-attachment-89039\" class=\"wp-caption-text\">As\u00ed qued\u00f3 la cocina de la casa tras el incendio.<\/figcaption><\/figure>\n","protected":false},"excerpt":{"rendered":"<div class=\"mh-excerpt\"><p>Recalentamiento de conducto de calef\u00f3n pudo haber provocado el siniestro que afect\u00f3 a una vivienda. Tres compa\u00f1\u00edas de Bomberos de San Felipe y unos quince <a class=\"mh-excerpt-more\" href=\"https:\/\/www.eltrabajo.cl\/2017\/tres-personas-damnificadas-y-danos-millonarios-deja-incendio-en-el-penon\/\" title=\"Tres personas damnificadas y da\u00f1os millonarios deja incendio en El Pe\u00f1\u00f3n\">[&#8230;]<\/a><\/p>\n<\/div>","protected":false},"author":1,"featured_media":89039,"comment_status":"open","ping_status":"open","sticky":false,"template":"","format":"standard","meta":{"_jetpack_newsletter_access":"","_jetpack_dont_email_post_to_subs":false,"_jetpack_newsletter_tier_id":0,"_jetpack_memberships_contains_paywalled_content":false,"_jetpack_memberships_contains_paid_content":false,"footnotes":""},"categories":[2],"tags":[],"class_list":["post-89037","post","type-post","status-publish","format-standard","has-post-thumbnail","hentry","category-policial"],"nelio_content":{"autoShareEndMode":"never","automationSources":{"useCustomSentences":false,"customSentences":[]},"efiAlt":"","efiUrl":"","followers":[],"highlights":[],"isAutoShareEnabled":true,"networkImageIds":[],"permalinkQueryArgs":[],"series":[],"suggestedReferences":[]},"jetpack_featured_media_url":"https:\/\/i0.wp.com\/www.eltrabajo.cl\/2017\/wp-content\/uploads\/2018\/11\/incendio-da%C3%B1os.jpg?fit=579%2C326&ssl=1","jetpack_sharing_enabled":true,"_links":{"self":[{"href":"https:\/\/www.eltrabajo.cl\/2017\/wp-json\/wp\/v2\/posts\/89037","targetHints":{"allow":["GET"]}}],"collection":[{"href":"https:\/\/www.eltrabajo.cl\/2017\/wp-json\/wp\/v2\/posts"}],"about":[{"href":"https:\/\/www.eltrabajo.cl\/2017\/wp-json\/wp\/v2\/types\/post"}],"author":[{"embeddable":true,"href":"https:\/\/www.eltrabajo.cl\/2017\/wp-json\/wp\/v2\/users\/1"}],"replies":[{"embeddable":true,"href":"https:\/\/www.eltrabajo.cl\/2017\/wp-json\/wp\/v2\/comments?post=89037"}],"version-history":[{"count":1,"href":"https:\/\/www.eltrabajo.cl\/2017\/wp-json\/wp\/v2\/posts\/89037\/revisions"}],"predecessor-version":[{"id":89040,"href":"https:\/\/www.eltrabajo.cl\/2017\/wp-json\/wp\/v2\/posts\/89037\/revisions\/89040"}],"wp:featuredmedia":[{"embeddable":true,"href":"https:\/\/www.eltrabajo.cl\/2017\/wp-json\/wp\/v2\/media\/89039"}],"wp:attachment":[{"href":"https:\/\/www.eltrabajo.cl\/2017\/wp-json\/wp\/v2\/media?parent=89037"}],"wp:term":[{"taxonomy":"category","embeddable":true,"href":"https:\/\/www.eltrabajo.cl\/2017\/wp-json\/wp\/v2\/categories?post=89037"},{"taxonomy":"post_tag","embeddable":true,"href":"https:\/\/www.eltrabajo.cl\/2017\/wp-json\/wp\/v2\/tags?post=89037"}],"curies":[{"name":"wp","href":"https:\/\/api.w.org\/{rel}","templated":true}]}}