{"id":89044,"date":"2018-11-08T07:42:08","date_gmt":"2018-11-08T11:42:08","guid":{"rendered":"http:\/\/www.eltrabajo.cl\/2017\/?p=89044"},"modified":"2018-11-08T07:42:08","modified_gmt":"2018-11-08T11:42:08","slug":"en-sangriento-ajuste-de-cuentas-asesinan-a-colombiano-en-villa-alto-aconcagua","status":"publish","type":"post","link":"https:\/\/www.eltrabajo.cl\/2017\/en-sangriento-ajuste-de-cuentas-asesinan-a-colombiano-en-villa-alto-aconcagua\/","title":{"rendered":"En sangriento ajuste de cuentas asesinan a colombiano en villa Alto Aconcagua"},"content":{"rendered":"<figure id=\"attachment_89046\" aria-describedby=\"caption-attachment-89046\" style=\"width: 579px\" class=\"wp-caption alignnone\"><img data-recalc-dims=\"1\" loading=\"lazy\" decoding=\"async\" class=\"size-full wp-image-89046\" src=\"https:\/\/i0.wp.com\/www.eltrabajo.cl\/2017\/wp-content\/uploads\/2018\/11\/kevin-asesinato.jpg?resize=579%2C435\" alt=\"Al menos ocho sujetos efectuaron m\u00faltiples disparos hacia el interior del departamento.\" width=\"579\" height=\"435\" srcset=\"https:\/\/i0.wp.com\/www.eltrabajo.cl\/2017\/wp-content\/uploads\/2018\/11\/kevin-asesinato.jpg?w=579&amp;ssl=1 579w, https:\/\/i0.wp.com\/www.eltrabajo.cl\/2017\/wp-content\/uploads\/2018\/11\/kevin-asesinato.jpg?resize=300%2C225&amp;ssl=1 300w, https:\/\/i0.wp.com\/www.eltrabajo.cl\/2017\/wp-content\/uploads\/2018\/11\/kevin-asesinato.jpg?resize=150%2C113&amp;ssl=1 150w\" sizes=\"auto, (max-width: 579px) 100vw, 579px\" \/><figcaption id=\"caption-attachment-89046\" class=\"wp-caption-text\">Al menos ocho sujetos efectuaron m\u00faltiples disparos hacia el interior del departamento.<\/figcaption><\/figure>\n<p><span style=\"color: #ff0000;\"><strong>Delincuentes chilenos acribillaron vivienda:<\/strong><\/span><\/p>\n<p><strong>LOS ANDES<\/strong>.- Un nuevo asesinato entre bandas rivales tuvo como escenario la emblem\u00e1tica Villa Alto Aconcagua, donde un ciudadano colombiano de 34 a\u00f1os de edad muri\u00f3 asesinado a manos de al menos ocho sujetos que acribillaron el departamento donde \u00e9ste viv\u00eda.<br \/>\nEl nuevo y preocupante hecho de sangre, por la violencia que se apodera de las calles en torno a las bandas de traficantes, se registr\u00f3 la madrugada de este mi\u00e9rcoles, alrededor de las 5 de la ma\u00f1ana, cuando un grupo de sujetos integrantes de la banda del \u2018Kevin\u2019 lleg\u00f3 hasta el departamento habitado por la v\u00edctima, Arley Valencia Vallecilla, quien al salir a abrir la puerta recibi\u00f3 al menos dos impactos de bala de los numerosos disparos efectuados, falleciendo en el mismo lugar.<br \/>\nTras el atentado los agresores se dieron a la fuga, siendo alertados Carabineros que concurri\u00f3 al lugar para iniciar las primeras diligencias, confirmando el deceso del extranjero y comunic\u00e1ndolo al fiscal de turno que dispuso que el caso quedara en manos de la Brigada de Homicidios de la PDI.<br \/>\nEl Jefe de esa unidad policial, Comisario Gino Guti\u00e9rrez, precis\u00f3 que cuando llegaron al sitio del suceso se encontr\u00f3 bastante evidencia bal\u00edstica y en raz\u00f3n de ello se llev\u00f3 adelante una multiplicidad de diligencias investigativas que arroj\u00f3 una cantidad de ocho detenidos; \u201cy en este procedimiento policial que se trabaj\u00f3 de manera mancomunada con Carabineros se encontr\u00f3 armamento, droga, municiones y en uno de los allanamientos a uno de los departamentos, al autor del homicidio ocurrido el pasado 26 de octubre en la villa San Alberto\u201d.<br \/>\nSe trata de Kevin Manuel Herrera Silva, quien la ma\u00f1ana de ese d\u00eda habr\u00eda dado muerte de un disparo a Jefferson Hinojosa Cort\u00e9s (35).<br \/>\nInicialmente por este crimen se dijo que hab\u00eda sido un altercado entre colombianos, algo que finalmente fue descartado por las diligencias investigativas.<br \/>\nRespecto del homicidio de Arley Valencia, el Comisario Guti\u00e9rrez se\u00f1al\u00f3 que los sujetos ingresaron hasta su departamento premunidos de armas de fuego, efectuando m\u00faltiples disparos al interior del domicilio, \u201cy es en ese intertanto que esta persona fallece\u201d.<br \/>\nIndic\u00f3 que hubo disparos desde el exterior del inmueble que atravesaron la puerta y quedaron incrustados en las paredes interiores.<br \/>\nAgreg\u00f3 que tras el ataque los agresores se dieron a la fuga y se ocultaron en un domicilio donde fueron detenidos, \u201cno obstante que estamos trabajando en esta situaci\u00f3n para poder establecer la participaci\u00f3n de cada uno de ellos y reunir los medios de prueba\u201d.<br \/>\nPrecis\u00f3 que tambi\u00e9n se est\u00e1 investigando la participaci\u00f3n de Kevin Herrera en el homicidio de Arley Valencia, \u201cdonde los otros siete detenidos tambi\u00e9n estar\u00edan implicados en este delito, adem\u00e1s de microtr\u00e1fico y tenencia ilegal de municiones\u201d.<br \/>\nAsimismo, peritos del Laboratorio de Criminal\u00edstica tambi\u00e9n trabajaron en el sitio del suceso, ya que la v\u00edctima presentaba m\u00faltiples impactos bal\u00edsticos.<br \/>\nEl oficial coment\u00f3 que el m\u00f3vil, en primera instancia, estar\u00eda relacionado con rencillas anteriores derivadas del tr\u00e1fico de drogas y eventualmente en el control de territorios por parte de bandas rivales.<br \/>\nAsimismo, el Comisario destac\u00f3 el trabajo mancomunado entre la PDI y Carabineros para llevar tranquilidad y seguridad a ese sector poblacional, ya que en estos operativos intervinieron cerca de treinta detectives y cuarenta funcionarios de Carabineros.<br \/>\n\u201cLamentablemente el procedimiento no fue tan tranquilo, ya que los veh\u00edculos institucionales fueron atacados con piedras y otros elementos contundentes y hubo que hacer anillos de seguridad para lograr la detenci\u00f3n de estas personas e incluso Carabineros tuvo que hacer acciones de contenci\u00f3n lanzando bombas lacrim\u00f3genas\u201d, aclar\u00f3 Guti\u00e9rrez.<br \/>\nEl imputado Kevin Herrera fue puesto a disposici\u00f3n del Tribunal de Garant\u00eda de Los Andes, donde fue formalizado en audiencia privada por el delito de homicidio simple, quedando en prisi\u00f3n preventiva.<\/p>\n<figure id=\"attachment_89045\" aria-describedby=\"caption-attachment-89045\" style=\"width: 579px\" class=\"wp-caption alignnone\"><img data-recalc-dims=\"1\" loading=\"lazy\" decoding=\"async\" class=\"size-full wp-image-89045\" src=\"https:\/\/i0.wp.com\/www.eltrabajo.cl\/2017\/wp-content\/uploads\/2018\/11\/Arley-Valencia-Vallecilla.jpg?resize=579%2C728\" alt=\"Arley Valencia Vallecilla, de 34 a\u00f1os, recibi\u00f3 al menos dos disparos que resultaron mortales.\" width=\"579\" height=\"728\" srcset=\"https:\/\/i0.wp.com\/www.eltrabajo.cl\/2017\/wp-content\/uploads\/2018\/11\/Arley-Valencia-Vallecilla.jpg?w=579&amp;ssl=1 579w, https:\/\/i0.wp.com\/www.eltrabajo.cl\/2017\/wp-content\/uploads\/2018\/11\/Arley-Valencia-Vallecilla.jpg?resize=239%2C300&amp;ssl=1 239w, https:\/\/i0.wp.com\/www.eltrabajo.cl\/2017\/wp-content\/uploads\/2018\/11\/Arley-Valencia-Vallecilla.jpg?resize=119%2C150&amp;ssl=1 119w\" sizes=\"auto, (max-width: 579px) 100vw, 579px\" \/><figcaption id=\"caption-attachment-89045\" class=\"wp-caption-text\">Arley Valencia Vallecilla, de 34 a\u00f1os, recibi\u00f3 al menos dos disparos que resultaron mortales.<\/figcaption><\/figure>\n<figure id=\"attachment_89047\" aria-describedby=\"caption-attachment-89047\" style=\"width: 579px\" class=\"wp-caption alignnone\"><img data-recalc-dims=\"1\" loading=\"lazy\" decoding=\"async\" class=\"size-full wp-image-89047\" src=\"https:\/\/i0.wp.com\/www.eltrabajo.cl\/2017\/wp-content\/uploads\/2018\/11\/kevin-herrera-3.jpg?resize=579%2C434\" alt=\"Uno de los detenidos por este crimen, Kevin Herrera, es tambi\u00e9n sindicado como presunto autor del homicidio de otro colombiano registrado el pasado 26 de octubre en la villa San Alberto.\" width=\"579\" height=\"434\" srcset=\"https:\/\/i0.wp.com\/www.eltrabajo.cl\/2017\/wp-content\/uploads\/2018\/11\/kevin-herrera-3.jpg?w=579&amp;ssl=1 579w, https:\/\/i0.wp.com\/www.eltrabajo.cl\/2017\/wp-content\/uploads\/2018\/11\/kevin-herrera-3.jpg?resize=300%2C225&amp;ssl=1 300w, https:\/\/i0.wp.com\/www.eltrabajo.cl\/2017\/wp-content\/uploads\/2018\/11\/kevin-herrera-3.jpg?resize=150%2C112&amp;ssl=1 150w\" sizes=\"auto, (max-width: 579px) 100vw, 579px\" \/><figcaption id=\"caption-attachment-89047\" class=\"wp-caption-text\">Uno de los detenidos por este crimen, Kevin Herrera, es tambi\u00e9n sindicado como presunto autor del homicidio de otro colombiano registrado el pasado 26 de octubre en la villa San Alberto.<\/figcaption><\/figure>\n","protected":false},"excerpt":{"rendered":"<div class=\"mh-excerpt\"><p>Delincuentes chilenos acribillaron vivienda: LOS ANDES.- Un nuevo asesinato entre bandas rivales tuvo como escenario la emblem\u00e1tica Villa Alto Aconcagua, donde un ciudadano colombiano de <a class=\"mh-excerpt-more\" href=\"https:\/\/www.eltrabajo.cl\/2017\/en-sangriento-ajuste-de-cuentas-asesinan-a-colombiano-en-villa-alto-aconcagua\/\" title=\"En sangriento ajuste de cuentas asesinan a colombiano en villa Alto Aconcagua\">[&#8230;]<\/a><\/p>\n<\/div>","protected":false},"author":1,"featured_media":89047,"comment_status":"open","ping_status":"open","sticky":false,"template":"","format":"standard","meta":{"_jetpack_newsletter_access":"","_jetpack_dont_email_post_to_subs":false,"_jetpack_newsletter_tier_id":0,"_jetpack_memberships_contains_paywalled_content":false,"_jetpack_memberships_contains_paid_content":false,"footnotes":""},"categories":[2],"tags":[],"class_list":["post-89044","post","type-post","status-publish","format-standard","has-post-thumbnail","hentry","category-policial"],"nelio_content":{"autoShareEndMode":"never","automationSources":{"useCustomSentences":false,"customSentences":[]},"efiAlt":"","efiUrl":"","followers":[],"highlights":[],"isAutoShareEnabled":true,"networkImageIds":[],"permalinkQueryArgs":[],"series":[],"suggestedReferences":[]},"jetpack_featured_media_url":"https:\/\/i0.wp.com\/www.eltrabajo.cl\/2017\/wp-content\/uploads\/2018\/11\/kevin-herrera-3.jpg?fit=579%2C434&ssl=1","jetpack_sharing_enabled":true,"_links":{"self":[{"href":"https:\/\/www.eltrabajo.cl\/2017\/wp-json\/wp\/v2\/posts\/89044","targetHints":{"allow":["GET"]}}],"collection":[{"href":"https:\/\/www.eltrabajo.cl\/2017\/wp-json\/wp\/v2\/posts"}],"about":[{"href":"https:\/\/www.eltrabajo.cl\/2017\/wp-json\/wp\/v2\/types\/post"}],"author":[{"embeddable":true,"href":"https:\/\/www.eltrabajo.cl\/2017\/wp-json\/wp\/v2\/users\/1"}],"replies":[{"embeddable":true,"href":"https:\/\/www.eltrabajo.cl\/2017\/wp-json\/wp\/v2\/comments?post=89044"}],"version-history":[{"count":1,"href":"https:\/\/www.eltrabajo.cl\/2017\/wp-json\/wp\/v2\/posts\/89044\/revisions"}],"predecessor-version":[{"id":89048,"href":"https:\/\/www.eltrabajo.cl\/2017\/wp-json\/wp\/v2\/posts\/89044\/revisions\/89048"}],"wp:featuredmedia":[{"embeddable":true,"href":"https:\/\/www.eltrabajo.cl\/2017\/wp-json\/wp\/v2\/media\/89047"}],"wp:attachment":[{"href":"https:\/\/www.eltrabajo.cl\/2017\/wp-json\/wp\/v2\/media?parent=89044"}],"wp:term":[{"taxonomy":"category","embeddable":true,"href":"https:\/\/www.eltrabajo.cl\/2017\/wp-json\/wp\/v2\/categories?post=89044"},{"taxonomy":"post_tag","embeddable":true,"href":"https:\/\/www.eltrabajo.cl\/2017\/wp-json\/wp\/v2\/tags?post=89044"}],"curies":[{"name":"wp","href":"https:\/\/api.w.org\/{rel}","templated":true}]}}