{"id":89301,"date":"2018-12-18T05:05:38","date_gmt":"2018-12-18T09:05:38","guid":{"rendered":"http:\/\/www.eltrabajo.cl\/2017\/?p=89301"},"modified":"2018-12-17T21:14:05","modified_gmt":"2018-12-18T01:14:05","slug":"automovil-termina-montado-sobre-un-bolardo-en-el-mismo-lugar-donde-tuvo-el-accidente-una-ambulancia-del-samu-aconcagua","status":"publish","type":"post","link":"https:\/\/www.eltrabajo.cl\/2017\/automovil-termina-montado-sobre-un-bolardo-en-el-mismo-lugar-donde-tuvo-el-accidente-una-ambulancia-del-samu-aconcagua\/","title":{"rendered":"Autom\u00f3vil termina montado sobre un bolardo en el mismo lugar donde tuvo el accidente una ambulancia del SAMU Aconcagua"},"content":{"rendered":"<figure id=\"attachment_89302\" aria-describedby=\"caption-attachment-89302\" style=\"width: 580px\" class=\"wp-caption alignnone\"><img data-recalc-dims=\"1\" loading=\"lazy\" decoding=\"async\" class=\"size-full wp-image-89302\" src=\"https:\/\/i0.wp.com\/www.eltrabajo.cl\/2017\/wp-content\/uploads\/2018\/12\/carter-Ambulancia2.jpg?resize=580%2C358\" alt=\"Ac\u00e1 vemos a la ambulancia cuando tambi\u00e9n pas\u00f3 a llevar un bolardo.\" width=\"580\" height=\"358\" srcset=\"https:\/\/i0.wp.com\/www.eltrabajo.cl\/2017\/wp-content\/uploads\/2018\/12\/carter-Ambulancia2.jpg?w=580&amp;ssl=1 580w, https:\/\/i0.wp.com\/www.eltrabajo.cl\/2017\/wp-content\/uploads\/2018\/12\/carter-Ambulancia2.jpg?resize=300%2C185&amp;ssl=1 300w, https:\/\/i0.wp.com\/www.eltrabajo.cl\/2017\/wp-content\/uploads\/2018\/12\/carter-Ambulancia2.jpg?resize=150%2C93&amp;ssl=1 150w\" sizes=\"auto, (max-width: 580px) 100vw, 580px\" \/><figcaption id=\"caption-attachment-89302\" class=\"wp-caption-text\">Ac\u00e1 vemos a la ambulancia cuando tambi\u00e9n pas\u00f3 a llevar un bolardo.<\/figcaption><\/figure>\n<p><span style=\"color: #ff0000;\"><strong>Frente a Helados Olgu\u00edn<\/strong><\/span><\/p>\n<p>Un nuevo accidente de tr\u00e1nsito, de similares caracter\u00edsticas al ocurrido en julio de este a\u00f1o, donde se vio involucrada una ambulancia que iba a una emergencia, se registr\u00f3 la ma\u00f1ana de ayer en la esquina de Salinas con Santo Domingo, frente a los helados Olgu\u00edn. La situaci\u00f3n ahora le ocurri\u00f3 a una conductora que, seg\u00fan lo informado por la persona que la acompa\u00f1aba, ellas ven\u00edan por calle Santo Domingo, de poniente a oriente, y al llegar a la intersecci\u00f3n de calle Salinas, al momento de efectuar un viraje hacia la derecha, por esquivar a una ni\u00f1a termin\u00f3 sobre el mismo bolardo.<br \/>\n\u201cLe pas\u00f3 exactamente lo mismo que a una ambulancia que iba a un accidente, a nosotros ahora nos pas\u00f3 exactamente lo mismo, y menos mal que tra\u00edamos la guagua en la silla; ven\u00edamos por Santo Domingo y doblamos, ac\u00e1 se nos cruz\u00f3 una ni\u00f1ita peque\u00f1a y por no atropellar a la ni\u00f1a pas\u00f3 lo que pas\u00f3, pero estamos todos bien, por lo menos la guagua ven\u00eda en la silla, la alcanc\u00e9 a sujetar; son da\u00f1os materiales\u201d, dijo Jacqueline Orrego a los medios.<br \/>\nProducto de este accidente, el veh\u00edculo sufri\u00f3 la rotura del C\u00e1rter, dejando una gran cantidad de aceite esparcido en el lugar.<br \/>\nCarabineros adopt\u00f3 el procedimiento de rigor mientras que unas personas ayudaron con \u2018gatas\u2019 hidr\u00e1ulicas a desmontar el veh\u00edculo marca Volkswagen, patente JWDZ-68, que termin\u00f3 sobre el bolardo.<br \/>\nNo hubo heridos, solo el estado de shock que suele ocurrir en estos casos.<\/p>\n<figure id=\"attachment_89303\" aria-describedby=\"caption-attachment-89303\" style=\"width: 580px\" class=\"wp-caption alignnone\"><img data-recalc-dims=\"1\" loading=\"lazy\" decoding=\"async\" class=\"size-full wp-image-89303\" src=\"https:\/\/i0.wp.com\/www.eltrabajo.cl\/2017\/wp-content\/uploads\/2018\/12\/Carter.jpg?resize=580%2C359\" alt=\"El autom\u00f3vil marca Volkswagen qued\u00f3 montado sobre un bolardo en la esquina de Salinas con Santo Domingo. (Cedida).\" width=\"580\" height=\"359\" srcset=\"https:\/\/i0.wp.com\/www.eltrabajo.cl\/2017\/wp-content\/uploads\/2018\/12\/Carter.jpg?w=580&amp;ssl=1 580w, https:\/\/i0.wp.com\/www.eltrabajo.cl\/2017\/wp-content\/uploads\/2018\/12\/Carter.jpg?resize=300%2C186&amp;ssl=1 300w, https:\/\/i0.wp.com\/www.eltrabajo.cl\/2017\/wp-content\/uploads\/2018\/12\/Carter.jpg?resize=150%2C93&amp;ssl=1 150w\" sizes=\"auto, (max-width: 580px) 100vw, 580px\" \/><figcaption id=\"caption-attachment-89303\" class=\"wp-caption-text\">El autom\u00f3vil marca Volkswagen qued\u00f3 montado sobre un bolardo en la esquina de Salinas con Santo Domingo. (Cedida).<\/figcaption><\/figure>\n","protected":false},"excerpt":{"rendered":"<div class=\"mh-excerpt\"><p>Frente a Helados Olgu\u00edn Un nuevo accidente de tr\u00e1nsito, de similares caracter\u00edsticas al ocurrido en julio de este a\u00f1o, donde se vio involucrada una ambulancia <a class=\"mh-excerpt-more\" href=\"https:\/\/www.eltrabajo.cl\/2017\/automovil-termina-montado-sobre-un-bolardo-en-el-mismo-lugar-donde-tuvo-el-accidente-una-ambulancia-del-samu-aconcagua\/\" title=\"Autom\u00f3vil termina montado sobre un bolardo en el mismo lugar donde tuvo el accidente una ambulancia del SAMU Aconcagua\">[&#8230;]<\/a><\/p>\n<\/div>","protected":false},"author":1,"featured_media":89303,"comment_status":"open","ping_status":"open","sticky":false,"template":"","format":"standard","meta":{"_jetpack_newsletter_access":"","_jetpack_dont_email_post_to_subs":false,"_jetpack_newsletter_tier_id":0,"_jetpack_memberships_contains_paywalled_content":false,"_jetpack_memberships_contains_paid_content":false,"footnotes":""},"categories":[2],"tags":[],"class_list":["post-89301","post","type-post","status-publish","format-standard","has-post-thumbnail","hentry","category-policial"],"nelio_content":{"autoShareEndMode":"never","automationSources":{"useCustomSentences":false,"customSentences":[]},"efiAlt":"","efiUrl":"","followers":[],"highlights":[],"isAutoShareEnabled":true,"networkImageIds":[],"permalinkQueryArgs":[],"series":[],"suggestedReferences":[]},"jetpack_featured_media_url":"https:\/\/i0.wp.com\/www.eltrabajo.cl\/2017\/wp-content\/uploads\/2018\/12\/Carter.jpg?fit=580%2C359&ssl=1","jetpack_sharing_enabled":true,"_links":{"self":[{"href":"https:\/\/www.eltrabajo.cl\/2017\/wp-json\/wp\/v2\/posts\/89301","targetHints":{"allow":["GET"]}}],"collection":[{"href":"https:\/\/www.eltrabajo.cl\/2017\/wp-json\/wp\/v2\/posts"}],"about":[{"href":"https:\/\/www.eltrabajo.cl\/2017\/wp-json\/wp\/v2\/types\/post"}],"author":[{"embeddable":true,"href":"https:\/\/www.eltrabajo.cl\/2017\/wp-json\/wp\/v2\/users\/1"}],"replies":[{"embeddable":true,"href":"https:\/\/www.eltrabajo.cl\/2017\/wp-json\/wp\/v2\/comments?post=89301"}],"version-history":[{"count":1,"href":"https:\/\/www.eltrabajo.cl\/2017\/wp-json\/wp\/v2\/posts\/89301\/revisions"}],"predecessor-version":[{"id":89304,"href":"https:\/\/www.eltrabajo.cl\/2017\/wp-json\/wp\/v2\/posts\/89301\/revisions\/89304"}],"wp:featuredmedia":[{"embeddable":true,"href":"https:\/\/www.eltrabajo.cl\/2017\/wp-json\/wp\/v2\/media\/89303"}],"wp:attachment":[{"href":"https:\/\/www.eltrabajo.cl\/2017\/wp-json\/wp\/v2\/media?parent=89301"}],"wp:term":[{"taxonomy":"category","embeddable":true,"href":"https:\/\/www.eltrabajo.cl\/2017\/wp-json\/wp\/v2\/categories?post=89301"},{"taxonomy":"post_tag","embeddable":true,"href":"https:\/\/www.eltrabajo.cl\/2017\/wp-json\/wp\/v2\/tags?post=89301"}],"curies":[{"name":"wp","href":"https:\/\/api.w.org\/{rel}","templated":true}]}}