{"id":89341,"date":"2018-12-17T05:04:46","date_gmt":"2018-12-17T09:04:46","guid":{"rendered":"http:\/\/www.eltrabajo.cl\/2017\/?p=89341"},"modified":"2018-12-17T23:03:19","modified_gmt":"2018-12-18T03:03:19","slug":"madre-salva-a-pequeno-hijo-de-voraz-incendio-que-los-dejo-en-la-calle","status":"publish","type":"post","link":"https:\/\/www.eltrabajo.cl\/2017\/madre-salva-a-pequeno-hijo-de-voraz-incendio-que-los-dejo-en-la-calle\/","title":{"rendered":"Madre salva a peque\u00f1o hijo de voraz incendio que los dej\u00f3 en la calle"},"content":{"rendered":"<figure id=\"attachment_89342\" aria-describedby=\"caption-attachment-89342\" style=\"width: 580px\" class=\"wp-caption alignnone\"><img data-recalc-dims=\"1\" loading=\"lazy\" decoding=\"async\" class=\"size-full wp-image-89342\" src=\"https:\/\/i0.wp.com\/www.eltrabajo.cl\/2017\/wp-content\/uploads\/2018\/12\/incendio-bellavista-2.jpg?resize=580%2C359\" alt=\"Personal de tres unidades de Bomberos combati\u00f3 el siniestro.\" width=\"580\" height=\"359\" srcset=\"https:\/\/i0.wp.com\/www.eltrabajo.cl\/2017\/wp-content\/uploads\/2018\/12\/incendio-bellavista-2.jpg?w=580&amp;ssl=1 580w, https:\/\/i0.wp.com\/www.eltrabajo.cl\/2017\/wp-content\/uploads\/2018\/12\/incendio-bellavista-2.jpg?resize=300%2C186&amp;ssl=1 300w, https:\/\/i0.wp.com\/www.eltrabajo.cl\/2017\/wp-content\/uploads\/2018\/12\/incendio-bellavista-2.jpg?resize=150%2C93&amp;ssl=1 150w\" sizes=\"auto, (max-width: 580px) 100vw, 580px\" \/><figcaption id=\"caption-attachment-89342\" class=\"wp-caption-text\">Personal de tres unidades de Bomberos combati\u00f3 el siniestro.<\/figcaption><\/figure>\n<p><span style=\"color: #ff0000;\"><strong>Tragedia familiar en Bellavista a d\u00edas de Navidad:<\/strong><\/span><\/p>\n<ul>\n<li><strong>Familia adem\u00e1s de perder la totalidad de sus enseres, el fuego quem\u00f3 cerca de un mill\u00f3n de pesos que manten\u00edan ahorrados. Bomberos evalu\u00f3 el siniestro como p\u00e9rdida total de la estructura, mientras determina el origen de las llamas.<\/strong><\/li>\n<\/ul>\n<p>Literalmente con lo puesto, qued\u00f3 una familia de la localidad de Bellavista en San Felipe, luego de sufrir la p\u00e9rdida de su hogar y algunos ahorros en dinero en efectivo, tras un voraz incendio ocurrido a primeras horas de este viernes.<br \/>\nSeg\u00fan inform\u00f3 el comandante de Bomberos Juan Carlos Herrera Lillo a Diario El Trabajo, una madre se encontraba dentro de la propiedad extrayendo leche a las cabras cuando repentinamente observ\u00f3 un potente humo que sal\u00eda desde el inmueble, percat\u00e1ndose del inicio del incendio.<br \/>\nSin dudarlo la mujer heroicamente salv\u00f3 a su hijo de seis a\u00f1os de edad, quien se encontraba en el interior observando conmocionada las enormes llamas que consum\u00edan la totalidad de su morada, perdiendo adem\u00e1s junto a todos sus enseres, vestuario y otras especies, la cifra de un mill\u00f3n de pesos en efectivo que manten\u00eda ahorrado.<br \/>\n\u201cSe quem\u00f3 la casa completa en un 100% al parecer viv\u00eda la mam\u00e1 con su hijo en la casa. Ella estaba sacando leche a las cabras y se percat\u00f3 que hab\u00eda humo, lleg\u00f3 corriendo a sacar a su hijo que estaba dentro. Se quem\u00f3 una gran cantidad de plata cerca de un mill\u00f3n de pesos que ten\u00eda guardado dentro de un velador, quedaron s\u00f3lo con lo puesto\u201d, afirm\u00f3 el comandante Herrera Lillo.<br \/>\nEl incendio finalmente pudo ser controlado tras la llegada de tres unidades de Bomberos con cerca de 25 voluntarios, quienes trabajaron arduamente para reducir las llamas y evitar la propagaci\u00f3n a una vivienda colindante.<br \/>\nNo obstante, el Departamento T\u00e9cnico de Bomberos realiz\u00f3 los peritajes en el sitio del suceso para determinar el origen del siniestro que afect\u00f3 a esta modesta familia a unos cuantos d\u00edas de Navidad.<\/p>\n<p><span style=\"color: #ff0000;\"><strong>URGENTE LLAMADO<\/strong><\/span><br \/>\nLa noticia de este siniestro ha generado gran pesar en todo el Valle de Aconcagua, las reacciones han sido de solidaridad y ya algunas personas han llamado a nuestro medio para preguntar c\u00f3mo pueden ayudar, es por eso que de manera independiente se informa a nuestros lectores que las personas que quieran colaborar con dicha familia, lo pueden canalizar mediante el Distrito San Felipe de la Asociaci\u00f3n de Gu\u00edas y Scouts de Chile, representados por Raquel Sep\u00falveda al +569-78358583, o con Omar Prieto al +569-42886346.<br \/>\nComo medio de comunicaci\u00f3n a\u00fan no hemos hecho contacto directo con los afectados, por lo que aclaramos que esta es una iniciativa de Scouts, para canalizar ayudas en caso de que nuestros lectores consideren hacerlo.<br \/>\n<strong>Pablo Salinas Sald\u00edas<\/strong><\/p>\n<figure id=\"attachment_89343\" aria-describedby=\"caption-attachment-89343\" style=\"width: 580px\" class=\"wp-caption alignnone\"><img data-recalc-dims=\"1\" loading=\"lazy\" decoding=\"async\" class=\"size-full wp-image-89343\" src=\"https:\/\/i0.wp.com\/www.eltrabajo.cl\/2017\/wp-content\/uploads\/2018\/12\/INCENDIO-BELLAVISTA1.jpg?resize=580%2C360\" alt=\"El incendio se origin\u00f3 cerca de las 09:00 horas de este viernes afectando a una casa de material ligero en el sector de Bellavista en San Felipe. (Fotograf\u00eda: Emergencia V Cordillera).\" width=\"580\" height=\"360\" srcset=\"https:\/\/i0.wp.com\/www.eltrabajo.cl\/2017\/wp-content\/uploads\/2018\/12\/INCENDIO-BELLAVISTA1.jpg?w=580&amp;ssl=1 580w, https:\/\/i0.wp.com\/www.eltrabajo.cl\/2017\/wp-content\/uploads\/2018\/12\/INCENDIO-BELLAVISTA1.jpg?resize=300%2C186&amp;ssl=1 300w, https:\/\/i0.wp.com\/www.eltrabajo.cl\/2017\/wp-content\/uploads\/2018\/12\/INCENDIO-BELLAVISTA1.jpg?resize=150%2C93&amp;ssl=1 150w\" sizes=\"auto, (max-width: 580px) 100vw, 580px\" \/><figcaption id=\"caption-attachment-89343\" class=\"wp-caption-text\">El incendio se origin\u00f3 cerca de las 09:00 horas de este viernes afectando a una casa de material ligero en el sector de Bellavista en San Felipe. (Fotograf\u00eda: Emergencia V Cordillera).<\/figcaption><\/figure>\n","protected":false},"excerpt":{"rendered":"<div class=\"mh-excerpt\"><p>Tragedia familiar en Bellavista a d\u00edas de Navidad: Familia adem\u00e1s de perder la totalidad de sus enseres, el fuego quem\u00f3 cerca de un mill\u00f3n de <a class=\"mh-excerpt-more\" href=\"https:\/\/www.eltrabajo.cl\/2017\/madre-salva-a-pequeno-hijo-de-voraz-incendio-que-los-dejo-en-la-calle\/\" title=\"Madre salva a peque\u00f1o hijo de voraz incendio que los dej\u00f3 en la calle\">[&#8230;]<\/a><\/p>\n<\/div>","protected":false},"author":1,"featured_media":89343,"comment_status":"open","ping_status":"open","sticky":false,"template":"","format":"standard","meta":{"_jetpack_newsletter_access":"","_jetpack_dont_email_post_to_subs":false,"_jetpack_newsletter_tier_id":0,"_jetpack_memberships_contains_paywalled_content":false,"_jetpack_memberships_contains_paid_content":false,"footnotes":""},"categories":[2],"tags":[],"class_list":["post-89341","post","type-post","status-publish","format-standard","has-post-thumbnail","hentry","category-policial"],"nelio_content":{"autoShareEndMode":"never","automationSources":{"useCustomSentences":false,"customSentences":[]},"efiAlt":"","efiUrl":"","followers":[],"highlights":[],"isAutoShareEnabled":true,"networkImageIds":[],"permalinkQueryArgs":[],"series":[],"suggestedReferences":[]},"jetpack_featured_media_url":"https:\/\/i0.wp.com\/www.eltrabajo.cl\/2017\/wp-content\/uploads\/2018\/12\/INCENDIO-BELLAVISTA1.jpg?fit=580%2C360&ssl=1","jetpack_sharing_enabled":true,"_links":{"self":[{"href":"https:\/\/www.eltrabajo.cl\/2017\/wp-json\/wp\/v2\/posts\/89341","targetHints":{"allow":["GET"]}}],"collection":[{"href":"https:\/\/www.eltrabajo.cl\/2017\/wp-json\/wp\/v2\/posts"}],"about":[{"href":"https:\/\/www.eltrabajo.cl\/2017\/wp-json\/wp\/v2\/types\/post"}],"author":[{"embeddable":true,"href":"https:\/\/www.eltrabajo.cl\/2017\/wp-json\/wp\/v2\/users\/1"}],"replies":[{"embeddable":true,"href":"https:\/\/www.eltrabajo.cl\/2017\/wp-json\/wp\/v2\/comments?post=89341"}],"version-history":[{"count":1,"href":"https:\/\/www.eltrabajo.cl\/2017\/wp-json\/wp\/v2\/posts\/89341\/revisions"}],"predecessor-version":[{"id":89344,"href":"https:\/\/www.eltrabajo.cl\/2017\/wp-json\/wp\/v2\/posts\/89341\/revisions\/89344"}],"wp:featuredmedia":[{"embeddable":true,"href":"https:\/\/www.eltrabajo.cl\/2017\/wp-json\/wp\/v2\/media\/89343"}],"wp:attachment":[{"href":"https:\/\/www.eltrabajo.cl\/2017\/wp-json\/wp\/v2\/media?parent=89341"}],"wp:term":[{"taxonomy":"category","embeddable":true,"href":"https:\/\/www.eltrabajo.cl\/2017\/wp-json\/wp\/v2\/categories?post=89341"},{"taxonomy":"post_tag","embeddable":true,"href":"https:\/\/www.eltrabajo.cl\/2017\/wp-json\/wp\/v2\/tags?post=89341"}],"curies":[{"name":"wp","href":"https:\/\/api.w.org\/{rel}","templated":true}]}}