{"id":89441,"date":"2018-12-27T05:00:40","date_gmt":"2018-12-27T09:00:40","guid":{"rendered":"http:\/\/www.eltrabajo.cl\/2017\/?p=89441"},"modified":"2018-12-26T20:06:32","modified_gmt":"2018-12-27T00:06:32","slug":"exasistente-de-parvulos-condenada-a-12-anos-por-abuso-sexual-contra-menor","status":"publish","type":"post","link":"https:\/\/www.eltrabajo.cl\/2017\/exasistente-de-parvulos-condenada-a-12-anos-por-abuso-sexual-contra-menor\/","title":{"rendered":"Exasistente de p\u00e1rvulos condenada a 12 a\u00f1os por abuso sexual contra menor"},"content":{"rendered":"<figure id=\"attachment_89442\" aria-describedby=\"caption-attachment-89442\" style=\"width: 580px\" class=\"wp-caption alignnone\"><img data-recalc-dims=\"1\" loading=\"lazy\" decoding=\"async\" class=\"size-full wp-image-89442\" src=\"https:\/\/i0.wp.com\/www.eltrabajo.cl\/2017\/wp-content\/uploads\/2018\/12\/LILIANA-ARANCIBIA-1.jpg?resize=580%2C359\" alt=\"Liliana Arancibia Nieto fue condenada por cuatro delitos de abuso sexual en contra de un menor con s\u00edndrome de Down, siendo sentenciada a 12 a\u00f1os de c\u00e1rcel.\" width=\"580\" height=\"359\" srcset=\"https:\/\/i0.wp.com\/www.eltrabajo.cl\/2017\/wp-content\/uploads\/2018\/12\/LILIANA-ARANCIBIA-1.jpg?w=580&amp;ssl=1 580w, https:\/\/i0.wp.com\/www.eltrabajo.cl\/2017\/wp-content\/uploads\/2018\/12\/LILIANA-ARANCIBIA-1.jpg?resize=300%2C186&amp;ssl=1 300w, https:\/\/i0.wp.com\/www.eltrabajo.cl\/2017\/wp-content\/uploads\/2018\/12\/LILIANA-ARANCIBIA-1.jpg?resize=150%2C93&amp;ssl=1 150w\" sizes=\"auto, (max-width: 580px) 100vw, 580px\" \/><figcaption id=\"caption-attachment-89442\" class=\"wp-caption-text\">Liliana Arancibia Nieto fue condenada por cuatro delitos de abuso sexual en contra de un menor con s\u00edndrome de Down, siendo sentenciada a 12 a\u00f1os de c\u00e1rcel.<\/figcaption><\/figure>\n<p><span style=\"color: #ff0000;\"><strong>Pena efectiva en la c\u00e1rcel:<\/strong><\/span><\/p>\n<ul>\n<li><strong>Tribunal Oral de San Felipe aplic\u00f3 una estricta condena a petici\u00f3n de la Fiscal\u00eda por cuatro hechos de abuso sexual contra ni\u00f1o con s\u00edndrome de Down.<\/strong><\/li>\n<\/ul>\n<p>El Tribunal Oral en Lo Penal de San Felipe sentenci\u00f3 por unanimidad a 12 a\u00f1os de c\u00e1rcel efectiva a Liliana Del Tr\u00e1nsito Arancibia Nieto, quien fue juzgada por cuatro hechos de abuso sexual hacia un ni\u00f1o con s\u00edndrome de Down, cuando la imputada se desempe\u00f1\u00f3 como asistente de p\u00e1rvulos en el Colegio Horizonte de San Felipe el a\u00f1o 2014.<br \/>\nComo se recordar\u00e1, los jueces resolvieron en base a los testimonios de los padres del menor y dos profesionales que pertenec\u00edan al colegio, quienes denunciaron los hechos, adem\u00e1s de las declaraciones de un funcionario policial que realiz\u00f3 las diligencias del caso, haci\u00e9ndose parte una querella que elev\u00f3 la familia afectada, representada por los abogados Tito Parga Gonz\u00e1lez y Bernardino Escudero Ahumada.<br \/>\nEl Fiscal Alejandro Bustos Ibarra precis\u00f3 a Diario El Trabajo que tras conocerse la sentencia del Tribunal Oral de San Felipe, la Fiscal\u00eda queda conforme con la sentencia dada a conocer este lunes, \u201cpena que por su extensi\u00f3n es efectiva, desde el punto de vista de la Fiscal\u00eda entendemos que la sentencia se ajusta a derecho y estaremos a la espera de lo que haga la Defensa\u201d.<br \/>\nEsto significa que el abogado defensor de la actual sentenciada, mantiene un plazo de 10 d\u00edas para elevar eventualmente un recurso de nulidad sobre este juicio ante la Corte de Apelaciones de Valpara\u00edso.<br \/>\nEn tanto, la exasistente de p\u00e1rvulos, por disposici\u00f3n del Tribunal, se mantiene con arresto domiciliario total, con la prohibici\u00f3n absoluta de acercarse a la v\u00edctima, quedando a la espera del dictamen de la Corte de Apelaciones resuelva si la sentencia quedar\u00eda firme y ejecutoriada.<br \/>\n<strong>Pablo Salinas Sald\u00edas<\/strong><\/p>\n","protected":false},"excerpt":{"rendered":"<div class=\"mh-excerpt\"><p>Pena efectiva en la c\u00e1rcel: Tribunal Oral de San Felipe aplic\u00f3 una estricta condena a petici\u00f3n de la Fiscal\u00eda por cuatro hechos de abuso sexual <a class=\"mh-excerpt-more\" href=\"https:\/\/www.eltrabajo.cl\/2017\/exasistente-de-parvulos-condenada-a-12-anos-por-abuso-sexual-contra-menor\/\" title=\"Exasistente de p\u00e1rvulos condenada a 12 a\u00f1os por abuso sexual contra menor\">[&#8230;]<\/a><\/p>\n<\/div>","protected":false},"author":1,"featured_media":89442,"comment_status":"open","ping_status":"open","sticky":false,"template":"","format":"standard","meta":{"_jetpack_newsletter_access":"","_jetpack_dont_email_post_to_subs":false,"_jetpack_newsletter_tier_id":0,"_jetpack_memberships_contains_paywalled_content":false,"_jetpack_memberships_contains_paid_content":false,"footnotes":""},"categories":[2],"tags":[],"class_list":["post-89441","post","type-post","status-publish","format-standard","has-post-thumbnail","hentry","category-policial"],"nelio_content":{"autoShareEndMode":"never","automationSources":{"useCustomSentences":false,"customSentences":[]},"efiAlt":"","efiUrl":"","followers":[],"highlights":[],"isAutoShareEnabled":true,"networkImageIds":[],"permalinkQueryArgs":[],"series":[],"suggestedReferences":[]},"jetpack_featured_media_url":"https:\/\/i0.wp.com\/www.eltrabajo.cl\/2017\/wp-content\/uploads\/2018\/12\/LILIANA-ARANCIBIA-1.jpg?fit=580%2C359&ssl=1","jetpack_sharing_enabled":true,"_links":{"self":[{"href":"https:\/\/www.eltrabajo.cl\/2017\/wp-json\/wp\/v2\/posts\/89441","targetHints":{"allow":["GET"]}}],"collection":[{"href":"https:\/\/www.eltrabajo.cl\/2017\/wp-json\/wp\/v2\/posts"}],"about":[{"href":"https:\/\/www.eltrabajo.cl\/2017\/wp-json\/wp\/v2\/types\/post"}],"author":[{"embeddable":true,"href":"https:\/\/www.eltrabajo.cl\/2017\/wp-json\/wp\/v2\/users\/1"}],"replies":[{"embeddable":true,"href":"https:\/\/www.eltrabajo.cl\/2017\/wp-json\/wp\/v2\/comments?post=89441"}],"version-history":[{"count":1,"href":"https:\/\/www.eltrabajo.cl\/2017\/wp-json\/wp\/v2\/posts\/89441\/revisions"}],"predecessor-version":[{"id":89443,"href":"https:\/\/www.eltrabajo.cl\/2017\/wp-json\/wp\/v2\/posts\/89441\/revisions\/89443"}],"wp:featuredmedia":[{"embeddable":true,"href":"https:\/\/www.eltrabajo.cl\/2017\/wp-json\/wp\/v2\/media\/89442"}],"wp:attachment":[{"href":"https:\/\/www.eltrabajo.cl\/2017\/wp-json\/wp\/v2\/media?parent=89441"}],"wp:term":[{"taxonomy":"category","embeddable":true,"href":"https:\/\/www.eltrabajo.cl\/2017\/wp-json\/wp\/v2\/categories?post=89441"},{"taxonomy":"post_tag","embeddable":true,"href":"https:\/\/www.eltrabajo.cl\/2017\/wp-json\/wp\/v2\/tags?post=89441"}],"curies":[{"name":"wp","href":"https:\/\/api.w.org\/{rel}","templated":true}]}}