{"id":89467,"date":"2018-12-27T05:07:53","date_gmt":"2018-12-27T09:07:53","guid":{"rendered":"http:\/\/www.eltrabajo.cl\/2017\/?p=89467"},"modified":"2018-12-26T20:20:01","modified_gmt":"2018-12-27T00:20:01","slug":"con-un-palo-delincuentes-propinan-paliza-a-joven-para-robarle-su-cadena","status":"publish","type":"post","link":"https:\/\/www.eltrabajo.cl\/2017\/con-un-palo-delincuentes-propinan-paliza-a-joven-para-robarle-su-cadena\/","title":{"rendered":"Con un palo delincuentes propinan paliza a joven para robarle su cadena"},"content":{"rendered":"<figure id=\"attachment_89468\" aria-describedby=\"caption-attachment-89468\" style=\"width: 580px\" class=\"wp-caption alignnone\"><img data-recalc-dims=\"1\" loading=\"lazy\" decoding=\"async\" class=\"size-full wp-image-89468\" src=\"https:\/\/i0.wp.com\/www.eltrabajo.cl\/2017\/wp-content\/uploads\/2018\/12\/DETENIDOS-ROBO-CON-VIOLENCIA-CATEMU.jpg?resize=580%2C360\" alt=\"Los detenidos fueron capturados por Carabineros de Catemu por el delito de robo con violencia ocurrido la madrugada de este lunes.\" width=\"580\" height=\"360\" srcset=\"https:\/\/i0.wp.com\/www.eltrabajo.cl\/2017\/wp-content\/uploads\/2018\/12\/DETENIDOS-ROBO-CON-VIOLENCIA-CATEMU.jpg?w=580&amp;ssl=1 580w, https:\/\/i0.wp.com\/www.eltrabajo.cl\/2017\/wp-content\/uploads\/2018\/12\/DETENIDOS-ROBO-CON-VIOLENCIA-CATEMU.jpg?resize=300%2C186&amp;ssl=1 300w, https:\/\/i0.wp.com\/www.eltrabajo.cl\/2017\/wp-content\/uploads\/2018\/12\/DETENIDOS-ROBO-CON-VIOLENCIA-CATEMU.jpg?resize=150%2C93&amp;ssl=1 150w\" sizes=\"auto, (max-width: 580px) 100vw, 580px\" \/><figcaption id=\"caption-attachment-89468\" class=\"wp-caption-text\">Los detenidos fueron capturados por Carabineros de Catemu por el delito de robo con violencia ocurrido la madrugada de este lunes.<\/figcaption><\/figure>\n<p><span style=\"color: #ff0000;\"><strong>En la previa de Navidad en Catemu:<\/strong><\/span><\/p>\n<ul>\n<li><strong>Carabineros detuvo a los sujetos que fueron sindicados por la v\u00edctima como los autores del robo con violencia.<\/strong><\/li>\n<\/ul>\n<p>Carabineros de la comuna de Catemu logr\u00f3 detener a dos antisociales que fueron sindicados por la v\u00edctima de 24 a\u00f1os de edad, como los autores de una brutal paliza que sufri\u00f3 el denunciante del robo de una cadena que tra\u00eda colgada al cuello en horas de la madrugada de este lunes 24 de diciembre.<br \/>\nSeg\u00fan detall\u00f3 el afectado a los efectivos policiales, el hecho habr\u00eda ocurrido cuando el joven, acompa\u00f1ado por su pareja, caminaban de madrugada por calle Arturo Prat de Catemu. En esa circunstancia, a eso de las 01:25 horas, fueron abordados e intimidados por dos desconocidos, uno de los cuales manten\u00eda un palo de 55 cent\u00edmetros en sus manos.<br \/>\nLos sujetos habr\u00edan agredido con el madero a la v\u00edctima para reducirlo con golpes de pies y pu\u00f1os y de esta forma extraerle la cadena desde su cuello, para luego escapar hacia el sector Cerro San Jos\u00e9.<br \/>\nMientras se desarrollaban estos hechos, Carabineros fue alertado v\u00eda telef\u00f3nica, traslad\u00e1ndose una patrulla policial para entrevistarse con la v\u00edctima, quien describi\u00f3 a los asaltantes con sus caracter\u00edsticas f\u00edsicas y de vestimentas, despleg\u00e1ndose patrullajes en la b\u00fasqueda de los sujetos.<br \/>\nMinutos m\u00e1s tarde los efectivos policiales observaron a los delincuentes, quienes fueron detenidos, comprobando que uno de ellos manten\u00eda la especie robada, siendo posteriormente reconocidos por la v\u00edctima en la Tenencia de Carabineros, como los autores del delito de robo con violencia.<br \/>\nAsimismo, el afectado, tras ser derivado hasta un centro hospitalario fue diagnosticado por el m\u00e9dico de turno con lesiones de car\u00e1cter leve.<br \/>\nLos imputados fueron identificados con las iniciales L.A.A.Q. de 38 a\u00f1os de edad y B.A.E.F. de 25 a\u00f1os de edad, quienes fueron derivados hasta el Juzgado de Garant\u00eda de San Felipe, quedando a disposici\u00f3n de la Fiscal\u00eda tras audiencia de control de detenci\u00f3n.<br \/>\n<strong>Pablo Salinas Sald\u00edas<\/strong><\/p>\n","protected":false},"excerpt":{"rendered":"<div class=\"mh-excerpt\"><p>En la previa de Navidad en Catemu: Carabineros detuvo a los sujetos que fueron sindicados por la v\u00edctima como los autores del robo con violencia. <a class=\"mh-excerpt-more\" href=\"https:\/\/www.eltrabajo.cl\/2017\/con-un-palo-delincuentes-propinan-paliza-a-joven-para-robarle-su-cadena\/\" title=\"Con un palo delincuentes propinan paliza a joven para robarle su cadena\">[&#8230;]<\/a><\/p>\n<\/div>","protected":false},"author":1,"featured_media":89468,"comment_status":"open","ping_status":"open","sticky":false,"template":"","format":"standard","meta":{"_jetpack_newsletter_access":"","_jetpack_dont_email_post_to_subs":false,"_jetpack_newsletter_tier_id":0,"_jetpack_memberships_contains_paywalled_content":false,"_jetpack_memberships_contains_paid_content":false,"footnotes":""},"categories":[2],"tags":[],"class_list":["post-89467","post","type-post","status-publish","format-standard","has-post-thumbnail","hentry","category-policial"],"nelio_content":{"autoShareEndMode":"never","automationSources":{"useCustomSentences":false,"customSentences":[]},"efiAlt":"","efiUrl":"","followers":[],"highlights":[],"isAutoShareEnabled":true,"networkImageIds":[],"permalinkQueryArgs":[],"series":[],"suggestedReferences":[]},"jetpack_featured_media_url":"https:\/\/i0.wp.com\/www.eltrabajo.cl\/2017\/wp-content\/uploads\/2018\/12\/DETENIDOS-ROBO-CON-VIOLENCIA-CATEMU.jpg?fit=580%2C360&ssl=1","jetpack_sharing_enabled":true,"_links":{"self":[{"href":"https:\/\/www.eltrabajo.cl\/2017\/wp-json\/wp\/v2\/posts\/89467","targetHints":{"allow":["GET"]}}],"collection":[{"href":"https:\/\/www.eltrabajo.cl\/2017\/wp-json\/wp\/v2\/posts"}],"about":[{"href":"https:\/\/www.eltrabajo.cl\/2017\/wp-json\/wp\/v2\/types\/post"}],"author":[{"embeddable":true,"href":"https:\/\/www.eltrabajo.cl\/2017\/wp-json\/wp\/v2\/users\/1"}],"replies":[{"embeddable":true,"href":"https:\/\/www.eltrabajo.cl\/2017\/wp-json\/wp\/v2\/comments?post=89467"}],"version-history":[{"count":1,"href":"https:\/\/www.eltrabajo.cl\/2017\/wp-json\/wp\/v2\/posts\/89467\/revisions"}],"predecessor-version":[{"id":89469,"href":"https:\/\/www.eltrabajo.cl\/2017\/wp-json\/wp\/v2\/posts\/89467\/revisions\/89469"}],"wp:featuredmedia":[{"embeddable":true,"href":"https:\/\/www.eltrabajo.cl\/2017\/wp-json\/wp\/v2\/media\/89468"}],"wp:attachment":[{"href":"https:\/\/www.eltrabajo.cl\/2017\/wp-json\/wp\/v2\/media?parent=89467"}],"wp:term":[{"taxonomy":"category","embeddable":true,"href":"https:\/\/www.eltrabajo.cl\/2017\/wp-json\/wp\/v2\/categories?post=89467"},{"taxonomy":"post_tag","embeddable":true,"href":"https:\/\/www.eltrabajo.cl\/2017\/wp-json\/wp\/v2\/tags?post=89467"}],"curies":[{"name":"wp","href":"https:\/\/api.w.org\/{rel}","templated":true}]}}